{"id":8517,"date":"2022-04-20T19:39:39","date_gmt":"2022-04-21T00:39:39","guid":{"rendered":"https:\/\/diariocontextofelipecarrillopuerto.com\/?p=8517"},"modified":"2022-04-21T00:39:41","modified_gmt":"2022-04-21T00:39:41","slug":"mexico-necesita-mas-presupuesto-para-abatir-violencia-contra-las-mujeres-amnistia-internacional","status":"publish","type":"post","link":"https:\/\/diariocontextofelipecarrillopuerto.com\/?p=8517","title":{"rendered":"M\u00e9xico necesita m\u00e1s presupuesto para abatir violencia contra las mujeres: Amnist\u00eda Internacional"},"content":{"rendered":"<div class=\"row\">\n<div class=\"col-sm-xl-12 layout-section wrap-bottom\">\n<h4 class=\"primary-font__PrimaryFontStyles-o56yd5-0 fOYBRX h4-primary sub-headline\" style=\"text-align: center;\">En 2021, el gobierno mexicano registr\u00f3 mil 4 v\u00edctimas de feminicidio, 2.66% m\u00e1s que en 2020.<\/h4>\n<div class=\"default__StyledDiv-cj38t1-0 eABJKM share-bar\">\n<p class=\"default__StyledText-xb1qmn-0 kYamVn body-paragraph\">La<b>\u00a0violencia contra las mujeres en M\u00e9xico<\/b>, que cobra la vida de m\u00e1s de 10 de ellas al d\u00eda, fue reconocida como un\u00a0<b>problema de Estado,\u00a0<\/b>pero para seguir avanzando, faltan muchas otras cosas, entre ellas recursos econ\u00f3micos, se\u00f1al\u00f3 este martes la directora ejecutiva de\u00a0<b>Amnist\u00eda Internacional M\u00e9xico, Edith Olivares Ferreto.<\/b><\/p>\n<p class=\"default__StyledText-xb1qmn-0 kYamVn body-paragraph\">Entre otros pendientes est\u00e1 la cobertura de los servicios que brinda el Estado, que no es suficiente, as\u00ed como tampoco la capacidad que tienen los servidores y servidoras p\u00fablicas, ni los recursos, a\u00f1adi\u00f3.<\/p>\n<p class=\"default__StyledText-xb1qmn-0 kYamVn body-paragraph\">En un evento virtual de cooperaci\u00f3n, Ferreto y Merike Blofield, directora del Instituto de Estudios Latinoamericanos del\u00a0<b>Instituto Alem\u00e1n de Estudios Globales y de \u00c1rea (GIGA en ingl\u00e9s)\u00a0<\/b>participaron en la mesa \u201cViolencia contra las mujeres en Am\u00e9rica Latina\u201d.<\/p>\n<p class=\"default__StyledText-xb1qmn-0 kYamVn body-paragraph\">Para el caso de M\u00e9xico, Ferreto dijo que \u201cs\u00ed hay cambios positivos\u201d y se\u00f1al\u00f3 que el pa\u00eds \u201cse ha dotado de todo un andamiaje jur\u00eddico e institucional que reconoce la violencia contra las mujeres como un problema de Estado, como una responsabilidad del Estado\u201d.<\/p>\n<p class=\"default__StyledText-xb1qmn-0 kYamVn body-paragraph\">Puso como ejemplo la<b>\u00a0Ley General de Acceso de las Mujeres a una Vida Libre de Violencia,<\/b>\u00a0adem\u00e1s de leyes en las 32 estados que integran M\u00e9xico, y se\u00f1al\u00f3 como \u201cgrandes avances la construcci\u00f3n de tipos penales y una serie de instituciones como institutos, centros de justicia y fiscal\u00edas especializadas para las mujeres\u201d.<\/p>\n<p class=\"default__StyledText-xb1qmn-0 kYamVn body-paragraph\">Dijo que todo ese andamiaje jur\u00eddico e institucional \u201ces un gran avance y hay que reconocerlo como un esfuerzo del Estado\u201d, pero record\u00f3 que ello \u201cderiva de las exigencias de las organizaciones y de las v\u00edctimas\u201d.<\/p>\n<p class=\"default__StyledText-xb1qmn-0 kYamVn body-paragraph\">Relat\u00f3 que<b>\u00a0en los \u00faltimos a\u00f1os las mujeres en M\u00e9xico, como las de otros pa\u00edses latinoamericanos, se han organizado cada vez m\u00e1s para luchar contra la violencia de g\u00e9nero\u00a0<\/b>y, para ello, hacen p\u00fablicas las agresiones, exigen medidas de protecci\u00f3n del Estado y buscan formas de ayudarse entre s\u00ed.<\/p>\n<p class=\"default__StyledText-xb1qmn-0 kYamVn body-paragraph\">Record\u00f3 que en M\u00e9xico fueron las propias madres de las mujeres asesinadas en Ciudad Ju\u00e1rez, hace algunos lustros, \u201cquienes encabezaron la protesta y la indignaci\u00f3n y las que dieron a conocer al mundo lo que ah\u00ed estaba sucediendo\u201d.<\/p>\n<p class=\"default__StyledText-xb1qmn-0 kYamVn body-paragraph\">La representante de AI dijo que una cosa importante \u201ces que la cobertura de los servicios no es suficiente y la capacidad que tienes los servidores y servidoras p\u00fablicas tampoco es suficiente\u201d.<\/p>\n<p class=\"default__StyledText-xb1qmn-0 kYamVn body-paragraph\">Se\u00f1al\u00f3 que diversas organizaciones internacionales y comit\u00e9s han se\u00f1alado al Estado mexicano que \u201cno basta con sensibilizar al personal de los servicios de atenci\u00f3n, yo digo que la sensibilidad est\u00e1 muy bien pero que hay deberes y uno de ellos es investigar con perspectiva de g\u00e9nero, si son sensibles o no ya es ganancia, pero hay que recordar que entre esos deberes est\u00e1\u00a0<b>asignar a las fiscal\u00edas especializadas recursos suficientes<\/b>\u201d, apunt\u00f3.<\/p>\n<p class=\"default__StyledText-xb1qmn-0 kYamVn body-paragraph\"><b>M\u00e9xico afronta una crisis de violencia machista con m\u00e1s de 10 mujeres asesinadas cada d\u00eda<\/b>, seg\u00fan ONU Mujeres.<\/p>\n<p class=\"default__StyledText-xb1qmn-0 kYamVn body-paragraph\">El Gobierno mexicano registr\u00f3 mil 4 v\u00edctimas de feminicidio en 2021, como se tipifica el asesinato motivado por violencia de g\u00e9nero, un 2.66 por ciento m\u00e1s que en 2020.<\/p>\n<p class=\"default__StyledText-xb1qmn-0 kYamVn body-paragraph\">Seg\u00fan organizaciones, el Estado comparte la responsabilidad de la violencia contra las mujeres debido a las inadecuadas medidas de protecci\u00f3n y falta de investigaci\u00f3n. Los agresores rara vez son perseguidos.<\/p>\n<\/div>\n<\/div>\n<\/div>\n","protected":false},"excerpt":{"rendered":"<p>En 2021, el gobierno mexicano registr\u00f3 mil 4 v\u00edctimas de feminicidio, 2.66% m\u00e1s que en 2020. La\u00a0violencia contra las mujeres en M\u00e9xico, que cobra la<\/p>\n","protected":false},"author":1,"featured_media":8519,"comment_status":"open","ping_status":"closed","sticky":false,"template":"","format":"standard","meta":{"footnotes":""},"categories":[12,9,11],"tags":[],"class_list":["post-8517","post","type-post","status-publish","format-standard","has-post-thumbnail","hentry","category-local","category-nacional","category-politica"],"_links":{"self":[{"href":"https:\/\/diariocontextofelipecarrillopuerto.com\/index.php?rest_route=\/wp\/v2\/posts\/8517","targetHints":{"allow":["GET"]}}],"collection":[{"href":"https:\/\/diariocontextofelipecarrillopuerto.com\/index.php?rest_route=\/wp\/v2\/posts"}],"about":[{"href":"https:\/\/diariocontextofelipecarrillopuerto.com\/index.php?rest_route=\/wp\/v2\/types\/post"}],"author":[{"embeddable":true,"href":"https:\/\/diariocontextofelipecarrillopuerto.com\/index.php?rest_route=\/wp\/v2\/users\/1"}],"replies":[{"embeddable":true,"href":"https:\/\/diariocontextofelipecarrillopuerto.com\/index.php?rest_route=%2Fwp%2Fv2%2Fcomments&post=8517"}],"version-history":[{"count":0,"href":"https:\/\/diariocontextofelipecarrillopuerto.com\/index.php?rest_route=\/wp\/v2\/posts\/8517\/revisions"}],"wp:featuredmedia":[{"embeddable":true,"href":"https:\/\/diariocontextofelipecarrillopuerto.com\/index.php?rest_route=\/wp\/v2\/media\/8519"}],"wp:attachment":[{"href":"https:\/\/diariocontextofelipecarrillopuerto.com\/index.php?rest_route=%2Fwp%2Fv2%2Fmedia&parent=8517"}],"wp:term":[{"taxonomy":"category","embeddable":true,"href":"https:\/\/diariocontextofelipecarrillopuerto.com\/index.php?rest_route=%2Fwp%2Fv2%2Fcategories&post=8517"},{"taxonomy":"post_tag","embeddable":true,"href":"https:\/\/diariocontextofelipecarrillopuerto.com\/index.php?rest_route=%2Fwp%2Fv2%2Ftags&post=8517"}],"curies":[{"name":"wp","href":"https:\/\/api.w.org\/{rel}","templated":true}]}}