{"id":8141,"date":"2022-03-26T14:52:09","date_gmt":"2022-03-26T19:52:09","guid":{"rendered":"https:\/\/diariocontextofelipecarrillopuerto.com\/?p=8141"},"modified":"2022-03-26T19:52:11","modified_gmt":"2022-03-26T19:52:11","slug":"nuevo-puente-buscan-que-cumpleanos-de-amlo-sea-dia-festivo-en-mexico","status":"publish","type":"post","link":"https:\/\/diariocontextofelipecarrillopuerto.com\/?p=8141","title":{"rendered":"\u00bfNuevo puente? Buscan que cumplea\u00f1os de AMLO sea d\u00eda festivo en M\u00e9xico"},"content":{"rendered":"<div class=\"entry-excerpt px-4\">\n<h4 style=\"text-align: center;\">La petici\u00f3n para que el cumplea\u00f1os de AMLO sea festivo ya supera las mil 200 firmas de apoyo, a cuatro meses de ser lanzada.<\/h4>\n<p>Una petici\u00f3n ciudadana busca hacer que el 13 de noviembre, d\u00eda del cumplea\u00f1os del actual presidente Andr\u00e9s Manuel L\u00f3pez Obrador (AMLO), sea declarado como festivo y de asueto nacional.<\/p>\n<p>La propuesta\u00a0fue lanzada en la aplicaci\u00f3n\u00a0Change.com, por una mujer identificada como M\u00f3nica Ordo\u00f1ez, abogada y maestra en derecho fiscal, seg\u00fan su biograf\u00eda en Twitter.<\/p>\n<p>\u201cSe propone que se decrete como d\u00eda oficial de descanso el 13 de noviembre para celebrar el natalicio del presidente Andr\u00e9s Manuel L\u00f3pez Obrador\u201d, apunta la petici\u00f3n lanzada el 14 de noviembre de 2021.<\/p>\n<p>La petici\u00f3n busca, seg\u00fan el texto, \u201crendir homenaje por su incansable lucha a favor de la justicia social y la igualdad de los seres humanos\u201d.<\/p>\n<p>Hasta este s\u00e1bado 26 de marzo, la solicitud para que el cumplea\u00f1os de AMLO sea festivo suma 1254 firmas de apoyo.<\/p>\n<p>L\u00f3pez Obrador naci\u00f3 el 13 de noviembre de 1953 en Tepetit\u00e1n, Macuspana, Tabasco.<\/p>\n<p>Y en caso de que la propuesta llegara a trascender, ser\u00eda la segunda ocasi\u00f3n que la fecha de nacimiento de un presidente es considerada como d\u00eda se asueto nacional, ya que a la fecha el \u00fanico que se celebra es el de Benito Ju\u00e1rez, el 21 de marzo.<\/p>\n<p>Sin embargo, AMLO ha referido en distintas ocasiones que no desea homenajes o estatuas, ni que su nombre sea utilizado para colocarlo en calles, escuelas u hospitales.<\/p>\n<p>\u201cEn mi caso, tengo escrito en mi testamento que no quiero que se use mi nombre para nombrar ninguna calle, no quiero estatuas, no quiero que usen mi nombre para nombrar una escuela, un hospital, nada absolutamente\u201d, declar\u00f3 L\u00f3pez Obrador en septiembre pasado.<\/p>\n<p>El 29 de noviembre de 2021, Roberto T\u00e9llez, entonces presidente municipal de Atlacomulco, Estado de M\u00e9xico, devel\u00f3 una estatua en memoria del mandatario.<\/p>\n<p>Dos d\u00edas despu\u00e9s, la estatua fue descabezada y derribada.<\/p>\n<p>al respecto, el mandatario mexicano pidi\u00f3 a quienes la colocaron que no se sintieran mal por el derrumbe, y que si bien agradec\u00eda el gesto, no le gustaba.<\/p>\n<p>\u201cAqu\u00ed lo importante es decirles que no se sientan mal, que les agradezco mucho por sus buenas intenciones, pero que tambi\u00e9n me hagan caso, porque no me gusta lo que tenga que ver con la vanidad y el culto a la personalidad\u201d, declar\u00f3 el 3 de enero.<\/p>\n<\/div>\n","protected":false},"excerpt":{"rendered":"<p>La petici\u00f3n para que el cumplea\u00f1os de AMLO sea festivo ya supera las mil 200 firmas de apoyo, a cuatro meses de ser lanzada. Una<\/p>\n","protected":false},"author":1,"featured_media":0,"comment_status":"open","ping_status":"closed","sticky":false,"template":"","format":"standard","meta":{"footnotes":""},"categories":[6,12,9],"tags":[],"class_list":["post-8141","post","type-post","status-publish","format-standard","hentry","category-espectaculos","category-local","category-nacional"],"_links":{"self":[{"href":"https:\/\/diariocontextofelipecarrillopuerto.com\/index.php?rest_route=\/wp\/v2\/posts\/8141","targetHints":{"allow":["GET"]}}],"collection":[{"href":"https:\/\/diariocontextofelipecarrillopuerto.com\/index.php?rest_route=\/wp\/v2\/posts"}],"about":[{"href":"https:\/\/diariocontextofelipecarrillopuerto.com\/index.php?rest_route=\/wp\/v2\/types\/post"}],"author":[{"embeddable":true,"href":"https:\/\/diariocontextofelipecarrillopuerto.com\/index.php?rest_route=\/wp\/v2\/users\/1"}],"replies":[{"embeddable":true,"href":"https:\/\/diariocontextofelipecarrillopuerto.com\/index.php?rest_route=%2Fwp%2Fv2%2Fcomments&post=8141"}],"version-history":[{"count":0,"href":"https:\/\/diariocontextofelipecarrillopuerto.com\/index.php?rest_route=\/wp\/v2\/posts\/8141\/revisions"}],"wp:attachment":[{"href":"https:\/\/diariocontextofelipecarrillopuerto.com\/index.php?rest_route=%2Fwp%2Fv2%2Fmedia&parent=8141"}],"wp:term":[{"taxonomy":"category","embeddable":true,"href":"https:\/\/diariocontextofelipecarrillopuerto.com\/index.php?rest_route=%2Fwp%2Fv2%2Fcategories&post=8141"},{"taxonomy":"post_tag","embeddable":true,"href":"https:\/\/diariocontextofelipecarrillopuerto.com\/index.php?rest_route=%2Fwp%2Fv2%2Ftags&post=8141"}],"curies":[{"name":"wp","href":"https:\/\/api.w.org\/{rel}","templated":true}]}}