{"id":7974,"date":"2022-03-15T19:06:28","date_gmt":"2022-03-16T00:06:28","guid":{"rendered":"https:\/\/diariocontextofelipecarrillopuerto.com\/?p=7974"},"modified":"2022-03-16T00:06:30","modified_gmt":"2022-03-16T00:06:30","slug":"mexico-perdera-medio-billon-de-pesos-por-alto-subsidio-a-la-gasolina","status":"publish","type":"post","link":"https:\/\/diariocontextofelipecarrillopuerto.com\/?p=7974","title":{"rendered":"M\u00e9xico perder\u00e1 medio bill\u00f3n de pesos por alto subsidio a la gasolina"},"content":{"rendered":"<h4 class=\"BlocksPage-subHeadline\" style=\"text-align: center;\">La aplicaci\u00f3n de este tipo de subsidios beneficia a la poblaci\u00f3n de mayores ingresos, ya que estas personas son quienes m\u00e1s contribuyen con la recaudaci\u00f3n del IEPS a combustibles, se\u00f1ala el CIEP.<\/h4>\n<p>De continuar con los niveles actuales del subsidio al impuesto especial sobre producci\u00f3n y servicios (IEPS) a las gasolinas y di\u00e9sel, habr\u00e1 p\u00e9rdidas recaudatorias por 554,000 millones de pesos (mdp), equivalente a 2% del producto interno bruto (PIB), alert\u00f3 este martes el Centro de Investigaci\u00f3n Econ\u00f3mica y Presupuestaria (CIEP)<\/p>\n<div id=\"22f9a9ed-7145-422f-a0c9-ef766c3ccf10\" class=\"exco-gex pbs\" data-pbs-root=\"true\" data-pbs-position=\"static\" data-pbs-device=\"desktop\" data-pbs-size=\"medium\" data-pbs-logo-pos=\"right\" data-pbs-content=\"playing\" data-pbs-player=\"content\" data-pbs-content-type=\"rss\" data-pbs-hover=\"false\">\n<div id=\"exp_6ef92a58-5c01-4caa-82c4-53df23d84bf2\" class=\"pbs__player\">\n<div class=\"exp-ui\">\n<div class=\"exp-ui__wrapper\">\n<div class=\"mainWrap\">\n<div class=\"BlocksPage-mainHead\">\n<div class=\"BlockWrap\">\n<article class=\"first-block\">\u201cLa aplicaci\u00f3n de este tipo de subsidios puede tener un efecto regresivo en la poblaci\u00f3n, ya que las personas de mayores ingresos son quienes m\u00e1s contribuyen con la recaudaci\u00f3n del IEPS a combustibles\u201d, se\u00f1al\u00f3 el organismo en un comunicado.<\/p>\n<\/article>\n<\/div>\n<\/div>\n<\/div>\n<div class=\"BlocksPage-main\" data-modulewell=\"\">\n<div class=\"blocks\">\n<div class=\"first-block-below\">\n<p>Aunque dicha p\u00e9rdida se compensa con ingresos adicionales por la exportaci\u00f3n de petr\u00f3leo -que paso de 47.12 d\u00f3lares a 103.71 d\u00f3lares por barril- estimados en 664,000 mdp para este a\u00f1o, \u201cparte de los ingresos petroleros son propios de Pemex y no firman parte de la\u00a0<i>bolsa general<\/i>\u00a0del gobierno federal\u201d, dijo Adri\u00e1n G\u00f3mez, coordinador de ingresos e impuestos del CIEP.<\/p>\n<p>Derivado del aumento en los precios del petr\u00f3leo a nivel mundial, el gobierno mexicano, a trav\u00e9s de la Secretar\u00eda de Hacienda, anunci\u00f3 que esta semana aplica el\u00a0<span class=\"Enhancement\"><span class=\"\">est\u00edmulo de 100% a las gasolinas y di\u00e9sel<\/span>\u00a0<\/span>.<\/p>\n<p>Para la semana del 12 al 18 de marzo el descuento por litro de gasolina Magna por el Impuesto Especial sobre Producci\u00f3n y Servicios (IEPS) ser\u00e1 de 5.4 pesos, para la Premium de 4.6 pesos, y para el di\u00e9sel de 6.03 pesos.<\/p>\n<p>Adem\u00e1s, otorga un est\u00edmulo fiscal a los refinadores e importadores, para que lo acrediten contra el ISR o IVA por cada litro vendido, de 3.8 pesos por gasolina Magna; 2.7 pesos por litro de Premium y para el di\u00e9sel de 5.2 pesos por litro.<\/p>\n<p>La invasi\u00f3n rusa en Ucrania ha disparado los precios del petr\u00f3leo e impactado en el precio de las gasolinas en M\u00e9xico, ante ello el gobierno ha disminuido la carga tributaria que se incluye en los precios al consumidor de los combustibles, por lo que dejan de llegar recursos al erario p\u00fablico. alert\u00f3 el IMEF este martes.<\/p>\n<p>\u201cEl problema es que se puede mantener el subsidio durante alg\u00fan tiempo, y no se perfila que los precios del petr\u00f3leo vayan a bajar pronto, vamos a tener todo un a\u00f1o con presiones, y esto va a\u00a0<span class=\"Enhancement\"><span class=\"\">presionar las finanzas p\u00fablicas, mientras se mantenga la decisi\u00f3n de dar este subsidio, habr\u00e1 la necesidad de recurrir a otro tipo de recortes en los gastos<\/span>\u00a0<\/span>\u201d, dijo Mario Correa, presidente del Comit\u00e9 Nacional de Estudios Econ\u00f3micos del IMEF.<\/p>\n<\/div>\n<div class=\"GoogleDfpAd-wrap\" data-module=\"\">\n<div id=\"ad-intext\">\n<div id=\"browsi_adWrapper_ai_500_ati_1_rc_0\"><\/div>\n<\/div>\n<\/div>\n<\/div>\n<\/div>\n<\/div>\n<\/div>\n<\/div>\n<\/div>\n<div class=\"AuthorBar\"><\/div>\n<div class=\"BlocksPage-bar\"><\/div>\n","protected":false},"excerpt":{"rendered":"<p>La aplicaci\u00f3n de este tipo de subsidios beneficia a la poblaci\u00f3n de mayores ingresos, ya que estas personas son quienes m\u00e1s contribuyen con la recaudaci\u00f3n<\/p>\n","protected":false},"author":1,"featured_media":7976,"comment_status":"open","ping_status":"closed","sticky":false,"template":"","format":"standard","meta":{"footnotes":""},"categories":[8,9,11],"tags":[],"class_list":["post-7974","post","type-post","status-publish","format-standard","has-post-thumbnail","hentry","category-internacional","category-nacional","category-politica"],"_links":{"self":[{"href":"https:\/\/diariocontextofelipecarrillopuerto.com\/index.php?rest_route=\/wp\/v2\/posts\/7974","targetHints":{"allow":["GET"]}}],"collection":[{"href":"https:\/\/diariocontextofelipecarrillopuerto.com\/index.php?rest_route=\/wp\/v2\/posts"}],"about":[{"href":"https:\/\/diariocontextofelipecarrillopuerto.com\/index.php?rest_route=\/wp\/v2\/types\/post"}],"author":[{"embeddable":true,"href":"https:\/\/diariocontextofelipecarrillopuerto.com\/index.php?rest_route=\/wp\/v2\/users\/1"}],"replies":[{"embeddable":true,"href":"https:\/\/diariocontextofelipecarrillopuerto.com\/index.php?rest_route=%2Fwp%2Fv2%2Fcomments&post=7974"}],"version-history":[{"count":0,"href":"https:\/\/diariocontextofelipecarrillopuerto.com\/index.php?rest_route=\/wp\/v2\/posts\/7974\/revisions"}],"wp:featuredmedia":[{"embeddable":true,"href":"https:\/\/diariocontextofelipecarrillopuerto.com\/index.php?rest_route=\/wp\/v2\/media\/7976"}],"wp:attachment":[{"href":"https:\/\/diariocontextofelipecarrillopuerto.com\/index.php?rest_route=%2Fwp%2Fv2%2Fmedia&parent=7974"}],"wp:term":[{"taxonomy":"category","embeddable":true,"href":"https:\/\/diariocontextofelipecarrillopuerto.com\/index.php?rest_route=%2Fwp%2Fv2%2Fcategories&post=7974"},{"taxonomy":"post_tag","embeddable":true,"href":"https:\/\/diariocontextofelipecarrillopuerto.com\/index.php?rest_route=%2Fwp%2Fv2%2Ftags&post=7974"}],"curies":[{"name":"wp","href":"https:\/\/api.w.org\/{rel}","templated":true}]}}