{"id":42073,"date":"2026-09-03T10:00:11","date_gmt":"2026-09-03T15:00:11","guid":{"rendered":"https:\/\/diariocontextofelipecarrillopuerto.com\/?p=42073"},"modified":"2026-09-03T17:56:43","modified_gmt":"2026-09-03T17:56:43","slug":"sheinbaum-atribuye-a-disputa-familiar-asesinato-de-tecladista-de-camilo-septimo","status":"publish","type":"post","link":"https:\/\/diariocontextofelipecarrillopuerto.com\/?p=42073","title":{"rendered":"Sheinbaum atribuye a disputa familiar asesinato de tecladista de Camilo S\u00e9ptimo"},"content":{"rendered":"<p>\ud83d\udd38 La presidenta Claudia Sheinbaum lament\u00f3 el multihomicidio de Jonathan Mel\u00e9ndez y su familia, ocurrido en Atizap\u00e1n de Zaragoza, y confirm\u00f3 que ya hay dos personas detenidas por estos hechos.<\/p>\n<p>#CDMX | La presidenta Claudia Sheinbaum inform\u00f3 que el asesinato de Jonathan Mel\u00e9ndez, tecladista y fundador de la banda Camilo S\u00e9ptimo, as\u00ed como de integrantes de su familia, habr\u00eda derivado de una disputa entre familias.<\/p>\n<p>Durante su conferencia, la mandataria calific\u00f3 el caso como una situaci\u00f3n \u201cmuy triste\u201d y lamentable, al tiempo que indic\u00f3 que las autoridades ya realizaron detenciones relacionadas con el multihomicidio ocurrido en Atizap\u00e1n de Zaragoza, Estado de M\u00e9xico.<\/p>\n<p>Jonathan Mel\u00e9ndez fue asesinado junto con su esposa, su hija de tres a\u00f1os y una trabajadora del hogar dentro de su domicilio. El caso provoc\u00f3 conmoci\u00f3n entre seguidores de la agrupaci\u00f3n y la comunidad art\u00edstica.<\/p>\n<p>Sheinbaum se\u00f1al\u00f3 que el Gobierno del Estado de M\u00e9xico brinda acompa\u00f1amiento a los familiares de las v\u00edctimas y ofreci\u00f3 apoyo federal mediante la Secretar\u00eda de Gobernaci\u00f3n, mientras contin\u00faan las investigaciones para esclarecer plenamente lo ocurrido.<\/p>\n<p>Hasta el momento, dos personas han sido detenidas por su presunta relaci\u00f3n con los hechos, mientras las autoridades mantienen abierta la indagatoria para determinar las responsabilidades correspondientes y esclarecer el m\u00f3vil del crimen.<\/p>\n","protected":false},"excerpt":{"rendered":"<p>\ud83d\udd38 La presidenta Claudia Sheinbaum lament\u00f3 el multihomicidio de Jonathan Mel\u00e9ndez y su familia, ocurrido en Atizap\u00e1n de Zaragoza, y confirm\u00f3 que ya hay dos<\/p>\n","protected":false},"author":1,"featured_media":42075,"comment_status":"open","ping_status":"closed","sticky":false,"template":"","format":"standard","meta":{"footnotes":""},"categories":[46,9],"tags":[],"class_list":["post-42073","post","type-post","status-publish","format-standard","has-post-thumbnail","hentry","category-cdmx","category-nacional"],"_links":{"self":[{"href":"https:\/\/diariocontextofelipecarrillopuerto.com\/index.php?rest_route=\/wp\/v2\/posts\/42073","targetHints":{"allow":["GET"]}}],"collection":[{"href":"https:\/\/diariocontextofelipecarrillopuerto.com\/index.php?rest_route=\/wp\/v2\/posts"}],"about":[{"href":"https:\/\/diariocontextofelipecarrillopuerto.com\/index.php?rest_route=\/wp\/v2\/types\/post"}],"author":[{"embeddable":true,"href":"https:\/\/diariocontextofelipecarrillopuerto.com\/index.php?rest_route=\/wp\/v2\/users\/1"}],"replies":[{"embeddable":true,"href":"https:\/\/diariocontextofelipecarrillopuerto.com\/index.php?rest_route=%2Fwp%2Fv2%2Fcomments&post=42073"}],"version-history":[{"count":1,"href":"https:\/\/diariocontextofelipecarrillopuerto.com\/index.php?rest_route=\/wp\/v2\/posts\/42073\/revisions"}],"predecessor-version":[{"id":42074,"href":"https:\/\/diariocontextofelipecarrillopuerto.com\/index.php?rest_route=\/wp\/v2\/posts\/42073\/revisions\/42074"}],"wp:featuredmedia":[{"embeddable":true,"href":"https:\/\/diariocontextofelipecarrillopuerto.com\/index.php?rest_route=\/wp\/v2\/media\/42075"}],"wp:attachment":[{"href":"https:\/\/diariocontextofelipecarrillopuerto.com\/index.php?rest_route=%2Fwp%2Fv2%2Fmedia&parent=42073"}],"wp:term":[{"taxonomy":"category","embeddable":true,"href":"https:\/\/diariocontextofelipecarrillopuerto.com\/index.php?rest_route=%2Fwp%2Fv2%2Fcategories&post=42073"},{"taxonomy":"post_tag","embeddable":true,"href":"https:\/\/diariocontextofelipecarrillopuerto.com\/index.php?rest_route=%2Fwp%2Fv2%2Ftags&post=42073"}],"curies":[{"name":"wp","href":"https:\/\/api.w.org\/{rel}","templated":true}]}}