{"id":42046,"date":"2026-09-02T09:00:36","date_gmt":"2026-09-02T14:00:36","guid":{"rendered":"https:\/\/diariocontextofelipecarrillopuerto.com\/?p=42046"},"modified":"2026-09-02T17:02:58","modified_gmt":"2026-09-02T17:02:58","slug":"aldo-rendon-abandona-la-casa-de-los-famosos-mexico-por-problemas-de-salud","status":"publish","type":"post","link":"https:\/\/diariocontextofelipecarrillopuerto.com\/?p=42046","title":{"rendered":"Aldo Rend\u00f3n abandona La Casa de los Famosos M\u00e9xico por problemas de salud"},"content":{"rendered":"<p>\ud83d\udd38 El stylist de las estrellas sali\u00f3 de LCDLFM debido a complicaciones en su salud por el queratocono que padece.<\/p>\n<p>#ESPECT\u00c1CULOS | Aldo Rend\u00f3n abandon\u00f3 La Casa de los Famosos M\u00e9xico (LCDLFM) por problemas de salud.<\/p>\n<p>&#8220;Me voy de la casa. Las condiciones de la casa no son las adecuadas para que est\u00e9 aqu\u00ed. Tengo un problema de salud que es reversible, pero tengo que iniciar tratamiento ya y no puedo estar saliendo y regresando para hac\u00e9rmelo. Entonces, me voy de la casa hoy&#8221;, cont\u00f3 entre l\u00e1grimas.<\/p>\n<p>El stylist sali\u00f3 del aislamiento el pasado martes 01 de septiembre pidiendo que sus compa\u00f1eros no se preocuparan por \u00e9l, pues tom\u00f3 esta decisi\u00f3n para enfrentar su padecimiento como corresponde y as\u00ed recuperar su salud.<\/p>\n<p>El estilista padece queratocono, una enfermedad ocular progresiva que se desarrolla en la c\u00f3rnea de los ojos y que afecta la vista considerablemente.<\/p>\n<p>&#8220;Es una afecci\u00f3n del ojo que se produce cuando la parte frontal transparente y en forma de c\u00fapula del ojo, llamada c\u00f3rnea, se hace m\u00e1s fina y pronunciada, y sobresale en forma de cono. Una c\u00f3rnea en forma de cono causa visi\u00f3n borrosa y puede producir sensibilidad a la luz y al resplandor&#8221;, define Mayo Clinic.<\/p>\n<p>Seg\u00fan ha contado el influencer en distintas entrevistas, hace unos a\u00f1os se someti\u00f3 a una operaci\u00f3n en ambos ojos, por esa raz\u00f3n se puede ver un resplandor verde en su mirada, pero a\u00fan as\u00ed tiene que usar anteojos para ver lo mejor posible.<\/p>\n<p>Sin embargo, este ser\u00eda solo uno de los padecimientos que tiene actualmente Rend\u00f3n, pues tambi\u00e9n estar\u00eda enfrentando complicaciones con su h\u00edgado.<\/p>\n<p>Aldo Rend\u00f3n naci\u00f3 el 18 de febrero de 1979 en Culiac\u00e1n, Sinaloa; actualmente tiene 47 a\u00f1os de edad y es considerado como uno de los estilistas mexicanos m\u00e1s importantes en el medio art\u00edstico nacional.<\/p>\n<p>Durante 25 a\u00f1os de trayectoria, se ha encargado de crear looks para estrellas mexicanas como Thal\u00eda, Belinda, Gloria Trevi, Paulina Rubio, Anah\u00ed, Maribel Guardia y Galilea Montijo, con quien colabor\u00f3 en las dos primeras temporadas de LCDLFM.<\/p>\n<p>Sin embargo, en los \u00faltimos a\u00f1os ha ganado fama como influencer y creador de contenido. Y es que logr\u00f3 conquistar al p\u00fablico con su personalidad y sentido del humor, as\u00ed como sus contundentes cr\u00edticas a outfits de famosos.<\/p>\n<p>De hecho, tiene un canal de YouTube donde suele compartir tips de estilismo, criticar outfits de famosos y hasta entrevistar a famosos como Kenia Os o El Malilla.<\/p>\n<p>Seg\u00fan ha contado Aldo Rend\u00f3n en varias ocasiones, su pasi\u00f3n por el mundo de la moda comenz\u00f3 cuando era adolescente y luch\u00f3 por encontrar un espacio en la industria. La primera celebridad que confi\u00f3 en \u00e9l fue Montserrat Oliver y a partir de ah\u00ed construy\u00f3 su carrera.<\/p>\n<p>Actualmente, adem\u00e1s de crear contenido en redes sociales, tambi\u00e9n ofrece cursos donde ense\u00f1a a las personas a conocer su cuerpo, descubrir cu\u00e1les son las formas, telas y materiales que m\u00e1s les favoreces y c\u00f3mo armar un look completo seg\u00fan la ocasi\u00f3n.<\/p>\n<p>Respecto a su vida privada, se sabe muy poco, pues ha procurado mantener ese tema lejos de los reflectores. No obstante, se sabe que tiene una pareja desde hace varios a\u00f1os, as\u00ed como una mascota.<\/p>\n<p>#AldoRend\u00f3n #Abandona #LCDLF #M\u00e9xico #Por #Problemas #Salud<\/p>\n","protected":false},"excerpt":{"rendered":"<p>\ud83d\udd38 El stylist de las estrellas sali\u00f3 de LCDLFM debido a complicaciones en su salud por el queratocono que padece. #ESPECT\u00c1CULOS | Aldo Rend\u00f3n abandon\u00f3<\/p>\n","protected":false},"author":1,"featured_media":42048,"comment_status":"open","ping_status":"closed","sticky":false,"template":"","format":"standard","meta":{"footnotes":""},"categories":[6],"tags":[],"class_list":["post-42046","post","type-post","status-publish","format-standard","has-post-thumbnail","hentry","category-espectaculos"],"_links":{"self":[{"href":"https:\/\/diariocontextofelipecarrillopuerto.com\/index.php?rest_route=\/wp\/v2\/posts\/42046","targetHints":{"allow":["GET"]}}],"collection":[{"href":"https:\/\/diariocontextofelipecarrillopuerto.com\/index.php?rest_route=\/wp\/v2\/posts"}],"about":[{"href":"https:\/\/diariocontextofelipecarrillopuerto.com\/index.php?rest_route=\/wp\/v2\/types\/post"}],"author":[{"embeddable":true,"href":"https:\/\/diariocontextofelipecarrillopuerto.com\/index.php?rest_route=\/wp\/v2\/users\/1"}],"replies":[{"embeddable":true,"href":"https:\/\/diariocontextofelipecarrillopuerto.com\/index.php?rest_route=%2Fwp%2Fv2%2Fcomments&post=42046"}],"version-history":[{"count":1,"href":"https:\/\/diariocontextofelipecarrillopuerto.com\/index.php?rest_route=\/wp\/v2\/posts\/42046\/revisions"}],"predecessor-version":[{"id":42047,"href":"https:\/\/diariocontextofelipecarrillopuerto.com\/index.php?rest_route=\/wp\/v2\/posts\/42046\/revisions\/42047"}],"wp:featuredmedia":[{"embeddable":true,"href":"https:\/\/diariocontextofelipecarrillopuerto.com\/index.php?rest_route=\/wp\/v2\/media\/42048"}],"wp:attachment":[{"href":"https:\/\/diariocontextofelipecarrillopuerto.com\/index.php?rest_route=%2Fwp%2Fv2%2Fmedia&parent=42046"}],"wp:term":[{"taxonomy":"category","embeddable":true,"href":"https:\/\/diariocontextofelipecarrillopuerto.com\/index.php?rest_route=%2Fwp%2Fv2%2Fcategories&post=42046"},{"taxonomy":"post_tag","embeddable":true,"href":"https:\/\/diariocontextofelipecarrillopuerto.com\/index.php?rest_route=%2Fwp%2Fv2%2Ftags&post=42046"}],"curies":[{"name":"wp","href":"https:\/\/api.w.org\/{rel}","templated":true}]}}