{"id":41971,"date":"2026-08-29T14:00:36","date_gmt":"2026-08-29T19:00:36","guid":{"rendered":"https:\/\/diariocontextofelipecarrillopuerto.com\/?p=41971"},"modified":"2026-08-31T13:13:37","modified_gmt":"2026-08-31T13:13:37","slug":"ataque-ruso-con-drones-a-deposito-de-municiones-en-kiev-deja-37-fallecidos","status":"publish","type":"post","link":"https:\/\/diariocontextofelipecarrillopuerto.com\/?p=41971","title":{"rendered":"Ataque ruso con drones a dep\u00f3sito de municiones en Kiev deja 37 fallecidos"},"content":{"rendered":"<p>\ud83d\udd38 El ataque con drones provoc\u00f3 un incendio de gran magnitud y detonaciones secundarias en un dep\u00f3sito militar de Mila, en el distrito de Bucha.<\/p>\n<p>#UCRANIA | Al menos 37 personas fallecieron cerca de Kiev en un ataque ruso con drones perpetrado la noche del viernes contra un dep\u00f3sito de municiones del ej\u00e9rcito, que caus\u00f3 un enorme incendio y explosiones, indicaron este s\u00e1bado las autoridades ucranianas.<\/p>\n<p>El presidente ucraniano, Volodimir Zelenski, indic\u00f3 en un mensaje que el lugar atacado era un dep\u00f3sito utilizado por el ej\u00e9rcito y que albergaba &#8220;municiones que de ning\u00fan modo tendr\u00edan que haber estado ah\u00ed&#8221;, incluyendo obuses, minas y drones.<\/p>\n<p>La fiscal\u00eda ucraniana anunci\u00f3 por su lado la apertura de una investigaci\u00f3n por negligencia criminal.<\/p>\n<p>En los videos difundidos en internet y en la prensa se aprecia una gigantesca explosi\u00f3n, seguida de detonaciones secundarias, que proyectaron llamas en m\u00faltiples direcciones.<\/p>\n<p>&#8220;Lamentablemente, el n\u00famero de v\u00edctimas en el distrito de Bucha se eleva ahora a 37&#8221;, indic\u00f3 en Telegram el jefe de la administraci\u00f3n militar de la regi\u00f3n de Kiev, Timur Tkachenko, elevando en diez v\u00edctimas el balance anterior.<\/p>\n<p>Entre los fallecidos se encuentra el alcalde del pueblo de Dmitrivska, Taras Didich, quien estaba ayudando en las tareas de rescate.<\/p>\n<p>Zelenski hab\u00eda publicado otro mensaje en la red X para recordar que &#8220;no pueden almacenarse municiones cerca de viviendas u otras zonas residenciales&#8221;.<\/p>\n<p>El ataque con dron se produjo poco despu\u00e9s de las ocho de la tarde del viernes (17H10 GMT), y golpe\u00f3 &#8220;los terrenos de una empresa en la localidad de Mila&#8221;, situada en el distrito de Bucha, al oeste de Kiev, indic\u00f3 la oficina del fiscal general ucraniano.<\/p>\n<p>En ese momento &#8220;estall\u00f3 un gran incendio en los terrenos de la empresa, y comenz\u00f3 la detonaci\u00f3n&#8221;, a\u00f1adi\u00f3.<\/p>\n<p>La oficina del fiscal general explic\u00f3 que investigar\u00e1 &#8220;la legalidad del (&#8230;) almacenamiento de objetos y materiales explosivos en los terrenos de la empresa&#8221;, as\u00ed como si la compa\u00f1\u00eda, cuyo nombre no se menciona, contaba con &#8220;los permisos y autorizaciones necesarios&#8221;.<\/p>\n<p>El ataque y la detonaci\u00f3n subsecuente causaron da\u00f1os en viviendas cercanas y en un centro para ancianos y personas con discapacidades, indic\u00f3 tambi\u00e9n Zelenski.<\/p>\n<p>El primer ministro Sergu\u00e9i Koretski lament\u00f3 que no se hubieran aprendido &#8220;las lecciones&#8221; tras otro mort\u00edfero ataque en julio en la localidad de Vichn\u00e9v\u00e9, cerca de Kiev, contra un dep\u00f3sito de municiones.<\/p>\n<p>Una investigaci\u00f3n hab\u00eda revelado importantes fallas por parte de la empresa p\u00fablica propietaria, que no cumpl\u00eda con las normas a pesar de la proximidad de viviendas.<\/p>\n<p>&#8220;En el quinto a\u00f1o ya de la invasi\u00f3n, cometer el mismo error una y otra vez equivale a una negligencia criminal&#8221;, dijo el primer ministro en un mensaje en Telegram.<\/p>\n<p>&#8220;Cada responsable, sin excepci\u00f3n, debe recibir un castigo severo para que no vuelva a suceder algo as\u00ed&#8221;, enfatiz\u00f3.<\/p>\n<p>Rusia y Ucrania han intensificado desde hace varios meses sus ataques de largo alcance, que cada vez con mayor frecuencia tienen como objetivo infraestructuras civiles, como almacenes log\u00edsticos e instalaciones petroleras y portuarias.<\/p>\n<p>Estos bombardeos han causado un n\u00famero cada vez mayor de v\u00edctimas civiles.<\/p>\n<p>#Ataque #Ruso #Con #Drones #Dep\u00f3sito #Municiones #Kiev #Deja #37Fallecidos<\/p>\n","protected":false},"excerpt":{"rendered":"<p>\ud83d\udd38 El ataque con drones provoc\u00f3 un incendio de gran magnitud y detonaciones secundarias en un dep\u00f3sito militar de Mila, en el distrito de Bucha.<\/p>\n","protected":false},"author":1,"featured_media":41973,"comment_status":"open","ping_status":"closed","sticky":false,"template":"","format":"standard","meta":{"footnotes":""},"categories":[8],"tags":[],"class_list":["post-41971","post","type-post","status-publish","format-standard","has-post-thumbnail","hentry","category-internacional"],"_links":{"self":[{"href":"https:\/\/diariocontextofelipecarrillopuerto.com\/index.php?rest_route=\/wp\/v2\/posts\/41971","targetHints":{"allow":["GET"]}}],"collection":[{"href":"https:\/\/diariocontextofelipecarrillopuerto.com\/index.php?rest_route=\/wp\/v2\/posts"}],"about":[{"href":"https:\/\/diariocontextofelipecarrillopuerto.com\/index.php?rest_route=\/wp\/v2\/types\/post"}],"author":[{"embeddable":true,"href":"https:\/\/diariocontextofelipecarrillopuerto.com\/index.php?rest_route=\/wp\/v2\/users\/1"}],"replies":[{"embeddable":true,"href":"https:\/\/diariocontextofelipecarrillopuerto.com\/index.php?rest_route=%2Fwp%2Fv2%2Fcomments&post=41971"}],"version-history":[{"count":1,"href":"https:\/\/diariocontextofelipecarrillopuerto.com\/index.php?rest_route=\/wp\/v2\/posts\/41971\/revisions"}],"predecessor-version":[{"id":41972,"href":"https:\/\/diariocontextofelipecarrillopuerto.com\/index.php?rest_route=\/wp\/v2\/posts\/41971\/revisions\/41972"}],"wp:featuredmedia":[{"embeddable":true,"href":"https:\/\/diariocontextofelipecarrillopuerto.com\/index.php?rest_route=\/wp\/v2\/media\/41973"}],"wp:attachment":[{"href":"https:\/\/diariocontextofelipecarrillopuerto.com\/index.php?rest_route=%2Fwp%2Fv2%2Fmedia&parent=41971"}],"wp:term":[{"taxonomy":"category","embeddable":true,"href":"https:\/\/diariocontextofelipecarrillopuerto.com\/index.php?rest_route=%2Fwp%2Fv2%2Fcategories&post=41971"},{"taxonomy":"post_tag","embeddable":true,"href":"https:\/\/diariocontextofelipecarrillopuerto.com\/index.php?rest_route=%2Fwp%2Fv2%2Ftags&post=41971"}],"curies":[{"name":"wp","href":"https:\/\/api.w.org\/{rel}","templated":true}]}}