{"id":41965,"date":"2026-08-29T12:00:31","date_gmt":"2026-08-29T17:00:31","guid":{"rendered":"https:\/\/diariocontextofelipecarrillopuerto.com\/?p=41965"},"modified":"2026-08-31T13:09:27","modified_gmt":"2026-08-31T13:09:27","slug":"estados-unidos-destruye-con-apoyo-de-ecuador-presunta-embarcacion-del-narcotrafico-en-el-pacifico","status":"publish","type":"post","link":"https:\/\/diariocontextofelipecarrillopuerto.com\/?p=41965","title":{"rendered":"Estados Unidos destruye con apoyo de Ecuador presunta embarcaci\u00f3n del narcotr\u00e1fico en el Pac\u00edfico"},"content":{"rendered":"<p>\ud83d\uded1 Im\u00e1genes sensibles, se recomienda discreci\u00f3n<br \/>\n\ud83d\udcf9Video tomado de las redes sociales<\/p>\n<p>\ud83d\udd38 El gobierno de Donald Trump lanz\u00f3 hace un a\u00f1o una campa\u00f1a de bombardeos a\u00e9reos contra presuntas narcolanchas que deja m\u00e1s de 200 fallecidos.<\/p>\n<p>#INTERNACIONAL | El ej\u00e9rcito de Estados Unidos anunci\u00f3 el viernes que intercept\u00f3 y destruy\u00f3 una presunta embarcaci\u00f3n utilizada para el narcotr\u00e1fico en el Pac\u00edfico oriental, en una acci\u00f3n coordinada con el gobierno de Ecuador, la primera entre ambos pa\u00edses aliados.<\/p>\n<p>El Comando Sur de Estados Unidos (Southcom) se\u00f1al\u00f3 en la red X que sus fuerzas interceptaron una embarcaci\u00f3n que operaba como una &#8220;estaci\u00f3n de reabastecimiento flotante&#8221; en aguas internacionales del Pac\u00edfico oriental.<\/p>\n<p>&#8220;La informaci\u00f3n de inteligencia confirma que la embarcaci\u00f3n, previamente identificada y objeto de sanciones del Departamento del Tesoro, operaba en apoyo de la organizaci\u00f3n violenta narcoterrorista Los Choneros&#8221;, indic\u00f3 el comunicado.<\/p>\n<p>Agreg\u00f3 que la tripulaci\u00f3n fue llevada hasta un puerto ecuatoriano y, posteriormente, la embarcaci\u00f3n fue destruida. En un video divulgado por el comando se ve la explosi\u00f3n de la nave.<\/p>\n<p>El grupo de ecuatorianos llevado al puerto pesquero de Manta (suroeste) neg\u00f3 que se dedicara al narcotr\u00e1fico.<\/p>\n<p>&#8220;Uno sale a pescar y a veces nos atacan los piratas. Ah\u00ed afuera ahora son los &#8216;gringos&#8217; que nos atacan (&#8230;) Ya no podemos vivir&#8221;, dijo a la prensa Darlin Mac\u00edas, mientras ense\u00f1aba una bolsa de comida militar que los estadunidenses les entregaron.<\/p>\n<p>El gobierno de Donald Trump lanz\u00f3 hace un a\u00f1o una campa\u00f1a de bombardeos a\u00e9reos contra presuntas lanchas del narcotr\u00e1fico en el Caribe y el Pac\u00edfico oriental, que deja m\u00e1s de 200 fallecidos.<\/p>\n<p>Por su parte, el presidente ecuatoriano Daniel Noboa sostiene una guerra contra el narcotr\u00e1fico con apoyo militar de Estados Unidos e incorpor\u00f3 a su pa\u00eds al Escudo de las Am\u00e9ricas, una coalici\u00f3n antidrogas integrada por una veintena de pa\u00edses de Am\u00e9rica Latina y el Caribe, liderada por Trump.<\/p>\n<p>La organizaci\u00f3n Human Rights Watch denunci\u00f3 que tres embarccaiones fueron presumiblemente atacadas por fuerzas estadunidenses ante las costas ecuatorianas entre enero y marzo de este a\u00f1o, con un saldo de al menos ocho desaparecidos, aunque Washington rechaza esta vinculaci\u00f3n.<\/p>\n<p>#EU #Destruye #Con #Apoyo #Ecuador #Presunta #Embarcaci\u00f3n #Narcotr\u00e1fico #Pac\u00edfico<\/p>\n","protected":false},"excerpt":{"rendered":"<p>\ud83d\uded1 Im\u00e1genes sensibles, se recomienda discreci\u00f3n \ud83d\udcf9Video tomado de las redes sociales \ud83d\udd38 El gobierno de Donald Trump lanz\u00f3 hace un a\u00f1o una campa\u00f1a de<\/p>\n","protected":false},"author":1,"featured_media":41967,"comment_status":"open","ping_status":"closed","sticky":false,"template":"","format":"standard","meta":{"footnotes":""},"categories":[8],"tags":[],"class_list":["post-41965","post","type-post","status-publish","format-standard","has-post-thumbnail","hentry","category-internacional"],"_links":{"self":[{"href":"https:\/\/diariocontextofelipecarrillopuerto.com\/index.php?rest_route=\/wp\/v2\/posts\/41965","targetHints":{"allow":["GET"]}}],"collection":[{"href":"https:\/\/diariocontextofelipecarrillopuerto.com\/index.php?rest_route=\/wp\/v2\/posts"}],"about":[{"href":"https:\/\/diariocontextofelipecarrillopuerto.com\/index.php?rest_route=\/wp\/v2\/types\/post"}],"author":[{"embeddable":true,"href":"https:\/\/diariocontextofelipecarrillopuerto.com\/index.php?rest_route=\/wp\/v2\/users\/1"}],"replies":[{"embeddable":true,"href":"https:\/\/diariocontextofelipecarrillopuerto.com\/index.php?rest_route=%2Fwp%2Fv2%2Fcomments&post=41965"}],"version-history":[{"count":1,"href":"https:\/\/diariocontextofelipecarrillopuerto.com\/index.php?rest_route=\/wp\/v2\/posts\/41965\/revisions"}],"predecessor-version":[{"id":41966,"href":"https:\/\/diariocontextofelipecarrillopuerto.com\/index.php?rest_route=\/wp\/v2\/posts\/41965\/revisions\/41966"}],"wp:featuredmedia":[{"embeddable":true,"href":"https:\/\/diariocontextofelipecarrillopuerto.com\/index.php?rest_route=\/wp\/v2\/media\/41967"}],"wp:attachment":[{"href":"https:\/\/diariocontextofelipecarrillopuerto.com\/index.php?rest_route=%2Fwp%2Fv2%2Fmedia&parent=41965"}],"wp:term":[{"taxonomy":"category","embeddable":true,"href":"https:\/\/diariocontextofelipecarrillopuerto.com\/index.php?rest_route=%2Fwp%2Fv2%2Fcategories&post=41965"},{"taxonomy":"post_tag","embeddable":true,"href":"https:\/\/diariocontextofelipecarrillopuerto.com\/index.php?rest_route=%2Fwp%2Fv2%2Ftags&post=41965"}],"curies":[{"name":"wp","href":"https:\/\/api.w.org\/{rel}","templated":true}]}}