{"id":38234,"date":"2026-04-28T13:00:38","date_gmt":"2026-04-28T18:00:38","guid":{"rendered":"https:\/\/diariocontextofelipecarrillopuerto.com\/?p=38234"},"modified":"2026-04-28T16:32:01","modified_gmt":"2026-04-28T16:32:01","slug":"monreal-perfila-agenda-legislativa-con-reforma-judicial-e-inteligencia-artificial-en-la-mira","status":"publish","type":"post","link":"https:\/\/diariocontextofelipecarrillopuerto.com\/?p=38234","title":{"rendered":"Monreal perfila agenda legislativa con reforma judicial e inteligencia artificial en la mira"},"content":{"rendered":"<p>\ud83d\udd38 El Congreso se prepara para cerrar el periodo ordinario mientras alista temas clave que podr\u00edan discutirse en sesiones extraordinarias o en el pr\u00f3ximo ciclo legislativo.<\/p>\n<p>#CDMX | El presidente de la Junta de Coordinaci\u00f3n Pol\u00edtica, el diputado Ricardo Monreal \u00c1vila, asegur\u00f3 que el Poder Legislativo cuenta con una agenda definida para un posible periodo extraordinario o para el siguiente periodo ordinario, en la que destacan asuntos de alto impacto como la reforma judicial, la regulaci\u00f3n de la inteligencia artificial, as\u00ed como modificaciones en materia de seguros, fianzas y bur\u00f3 de cr\u00e9dito.<\/p>\n<p>A trav\u00e9s de un mensaje difundido en redes sociales, el legislador explic\u00f3 que a\u00fan quedan pendientes temas de gran relevancia. Entre ellos, subray\u00f3 la necesidad de avanzar tanto en la reforma al sistema judicial como en una legislaci\u00f3n sobre inteligencia artificial, dos \u00e1reas que consider\u00f3 prioritarias para el pa\u00eds.<\/p>\n<p>Asimismo, detall\u00f3 que las propuestas relacionadas con seguros, fianzas y bur\u00f3 de cr\u00e9dito han requerido mayor tiempo de an\u00e1lisis. Esto, dijo, debido a la participaci\u00f3n de diversos actores involucrados, incluyendo autoridades hacendarias y representantes del sector empresarial, con el fin de evaluar a fondo el impacto de dichas reformas en beneficio de la ciudadan\u00eda.<\/p>\n<p>Monreal \u00c1vila record\u00f3 que el actual periodo ordinario de sesiones se encuentra en su \u00faltima semana, conforme a lo establecido por la Constituci\u00f3n, que contempla dos periodos legislativos al a\u00f1o: uno de septiembre a diciembre y otro de febrero a abril. En este contexto, adelant\u00f3 que en los pr\u00f3ximos d\u00edas se llevar\u00e1 a cabo la elecci\u00f3n de la Comisi\u00f3n Permanente, \u00f3rgano que opera durante los recesos del Congreso.<\/p>\n<p>El coordinador parlamentario de Morena tambi\u00e9n reconoci\u00f3 que la cercan\u00eda de procesos electorales suele dificultar la construcci\u00f3n de consensos, ya que legisladores y partidos concentran sus esfuerzos en actividades territoriales vinculadas a la renovaci\u00f3n de cargos p\u00fablicos.<\/p>\n<p>En cuanto a la agenda inmediata, inform\u00f3 que este martes se realizar\u00e1 la declaratoria de constitucionalidad de la reforma en materia de feminicidio, tras haber sido aprobada por m\u00e1s de 16 congresos estatales. Adem\u00e1s, entre martes y mi\u00e9rcoles se discutir\u00e1n diversos dict\u00e1menes e iniciativas que cuentan con consenso entre las fuerzas pol\u00edticas.<\/p>\n<p>Finalmente, el legislador adelant\u00f3 que en los pr\u00f3ximos meses se prev\u00e9 una intensa actividad pol\u00edtica y legislativa, enfocada en impulsar reformas que impacten de manera positiva a la poblaci\u00f3n.<\/p>\n","protected":false},"excerpt":{"rendered":"<p>\ud83d\udd38 El Congreso se prepara para cerrar el periodo ordinario mientras alista temas clave que podr\u00edan discutirse en sesiones extraordinarias o en el pr\u00f3ximo ciclo<\/p>\n","protected":false},"author":1,"featured_media":38236,"comment_status":"open","ping_status":"closed","sticky":false,"template":"","format":"standard","meta":{"footnotes":""},"categories":[46,9],"tags":[],"class_list":["post-38234","post","type-post","status-publish","format-standard","has-post-thumbnail","hentry","category-cdmx","category-nacional"],"_links":{"self":[{"href":"https:\/\/diariocontextofelipecarrillopuerto.com\/index.php?rest_route=\/wp\/v2\/posts\/38234","targetHints":{"allow":["GET"]}}],"collection":[{"href":"https:\/\/diariocontextofelipecarrillopuerto.com\/index.php?rest_route=\/wp\/v2\/posts"}],"about":[{"href":"https:\/\/diariocontextofelipecarrillopuerto.com\/index.php?rest_route=\/wp\/v2\/types\/post"}],"author":[{"embeddable":true,"href":"https:\/\/diariocontextofelipecarrillopuerto.com\/index.php?rest_route=\/wp\/v2\/users\/1"}],"replies":[{"embeddable":true,"href":"https:\/\/diariocontextofelipecarrillopuerto.com\/index.php?rest_route=%2Fwp%2Fv2%2Fcomments&post=38234"}],"version-history":[{"count":1,"href":"https:\/\/diariocontextofelipecarrillopuerto.com\/index.php?rest_route=\/wp\/v2\/posts\/38234\/revisions"}],"predecessor-version":[{"id":38235,"href":"https:\/\/diariocontextofelipecarrillopuerto.com\/index.php?rest_route=\/wp\/v2\/posts\/38234\/revisions\/38235"}],"wp:featuredmedia":[{"embeddable":true,"href":"https:\/\/diariocontextofelipecarrillopuerto.com\/index.php?rest_route=\/wp\/v2\/media\/38236"}],"wp:attachment":[{"href":"https:\/\/diariocontextofelipecarrillopuerto.com\/index.php?rest_route=%2Fwp%2Fv2%2Fmedia&parent=38234"}],"wp:term":[{"taxonomy":"category","embeddable":true,"href":"https:\/\/diariocontextofelipecarrillopuerto.com\/index.php?rest_route=%2Fwp%2Fv2%2Fcategories&post=38234"},{"taxonomy":"post_tag","embeddable":true,"href":"https:\/\/diariocontextofelipecarrillopuerto.com\/index.php?rest_route=%2Fwp%2Fv2%2Ftags&post=38234"}],"curies":[{"name":"wp","href":"https:\/\/api.w.org\/{rel}","templated":true}]}}