{"id":38219,"date":"2026-04-28T08:00:50","date_gmt":"2026-04-28T13:00:50","guid":{"rendered":"https:\/\/diariocontextofelipecarrillopuerto.com\/?p=38219"},"modified":"2026-04-28T16:16:55","modified_gmt":"2026-04-28T16:16:55","slug":"emiratos-arabes-unidos-anuncia-su-retirada-de-la-opep-por-la-crisis-del-estrecho-de-ormuz","status":"publish","type":"post","link":"https:\/\/diariocontextofelipecarrillopuerto.com\/?p=38219","title":{"rendered":"Emiratos \u00c1rabes Unidos anuncia su retirada de la OPEP por la crisis del estrecho de Ormuz"},"content":{"rendered":"<p>\ud83d\udd38 La agencia se\u00f1al\u00f3 que esta decisi\u00f3n es impulsada &#8220;por los intereses nacionales y el compromiso del pa\u00eds de contribuir activamente a satisfacer las necesidades urgentes del mercado&#8221;.<\/p>\n<p>#INTERNACIONAL | Emiratos \u00c1rabes Unidos (EAU) anunci\u00f3 su retirada de la Organizaci\u00f3n de Pa\u00edses Exportadores de Petr\u00f3leo (OPEP) y la alianza OPEP+ por las &#8220;perturbaciones en el golfo P\u00e9rsico y el estrecho de Ormuz&#8221; a partir del pr\u00f3ximo 1 de mayo de 2026, inform\u00f3 la agencia de noticias oficial emirat\u00ed WAM.<\/p>\n<p>La agencia se\u00f1al\u00f3 que esta decisi\u00f3n es impulsada &#8220;por los intereses nacionales y el compromiso del pa\u00eds de contribuir activamente a satisfacer las necesidades urgentes del mercado, especialmente dada la actual volatilidad geopol\u00edtica a corto plazo derivada de las perturbaciones en el golfo P\u00e9rsico y el estrecho de Ormuz, que afectan a la din\u00e1mica de la oferta&#8221;.<\/p>\n<p>Asimismo, se\u00f1al\u00f3 que &#8220;las tendencias fundamentales indican un crecimiento continuo de la demanda mundial de energ\u00eda a medio y largo plazo&#8221;, y defendi\u00f3 que &#8220;la estabilidad del sistema energ\u00e9tico mundial depende de la disponibilidad de suministros flexibles, fiables y asequibles&#8221;.<\/p>\n<p>La retirada de los Emiratos llega en un momento en que la producci\u00f3n de OPEP se redujo en marzo casi 8 millones de barriles diarios (mbd), 27.5 por ciento menos de lo bombeado en febrero, debido a la guerra de Ir\u00e1n y al bloqueo del estrecho de Ormuz, que afect\u00f3 sobre todo a Irak y a los pa\u00edses del golfo P\u00e9rsico.<\/p>\n<p>El ministro de Energ\u00eda e Infraestructura del pa\u00eds, Suhail bin Mohamed Al Mazrouei, defendi\u00f3 que la retirada de la OPEP &#8220;refleja una evoluci\u00f3n pol\u00edtica alineada con los fundamentos del mercado a largo plazo&#8221;.<\/p>\n<p>Emiratos se uni\u00f3 a la OPEP en 1967 a trav\u00e9s del Emirato de Abu Dabi y mantuvo su membres\u00eda tras la creaci\u00f3n del pa\u00eds en 1971, y &#8220;durante todo este periodo, el pa\u00eds ha desempe\u00f1ado un papel activo en el apoyo a la estabilidad del mercado petrolero mundial y en el fomento del di\u00e1logo entre los pa\u00edses productores&#8221;, a\u00f1adi\u00f3 WAM.<\/p>\n<p>Destac\u00f3 que EAU &#8220;es un productor fiable de algunos de los petr\u00f3leos m\u00e1s competitivos en precio y con menor intensidad de carbono del mundo, contribuyendo al crecimiento global y a la reducci\u00f3n de emisiones&#8221;.<\/p>\n<p>No obstante, defendi\u00f3 que, &#8220;tras su salida de la OPEP, EAU continuar\u00e1 desempe\u00f1ando su papel responsable aumentando la producci\u00f3n de forma gradual y prudente&#8221;, y seguir\u00e1 &#8220;colaborando con sus socios para desarrollar recursos&#8221;.<\/p>\n<p>Destac\u00f3 que &#8220;esta decisi\u00f3n no altera el compromiso de EAU con la estabilidad del mercado global ni su enfoque basado en la cooperaci\u00f3n con productores y consumidores&#8221;, justific\u00f3.<\/p>\n<p>Emiratos, asimismo, expres\u00f3 &#8220;su agradecimiento&#8221; por los esfuerzos tanto de la OPEP como de la alianza OPEP+, liderada por Arabia Saud\u00ed y Rusia, pero subray\u00f3 que &#8220;ha llegado el momento de centrar los esfuerzos en los intereses nacionales de EAU&#8221;.<\/p>\n<p>&#8220;EAU continuar\u00e1 invirtiendo en toda la cadena de valor energ\u00e9tica, incluyendo petr\u00f3leo y gas, energ\u00edas renovables y soluciones bajas en carbono, para fortalecer la resiliencia y la transformaci\u00f3n a largo plazo de su sistema energ\u00e9tico&#8221;, concluy\u00f3.<\/p>\n<p>La decisi\u00f3n de Emiratos tiene lugar en un momento de tensi\u00f3n con sus vecinos \u00e1rabes del golfo P\u00e9rsico, a los que ha acusado de no coordinar posturas contra los ataques de Ir\u00e1n contra la infraestructura energ\u00e9tica de esta regi\u00f3n rica en petr\u00f3leo.<\/p>\n<p>Asimismo, se produce ante las cr\u00edticas del presidente estadunidense, Donald Trump, a la OPEP, organizaci\u00f3n a la que ha acusado de inflar los precios del petr\u00f3leo.<\/p>\n<p>#Emiratos\u00c1rabesUnidos #Anuncia #Retirada #OPEP #Por #Crisis #EstrechoDeOrmuz<\/p>\n","protected":false},"excerpt":{"rendered":"<p>\ud83d\udd38 La agencia se\u00f1al\u00f3 que esta decisi\u00f3n es impulsada &#8220;por los intereses nacionales y el compromiso del pa\u00eds de contribuir activamente a satisfacer las necesidades<\/p>\n","protected":false},"author":1,"featured_media":38221,"comment_status":"open","ping_status":"closed","sticky":false,"template":"","format":"standard","meta":{"footnotes":""},"categories":[1],"tags":[],"class_list":["post-38219","post","type-post","status-publish","format-standard","has-post-thumbnail","hentry","category-uncategorized"],"_links":{"self":[{"href":"https:\/\/diariocontextofelipecarrillopuerto.com\/index.php?rest_route=\/wp\/v2\/posts\/38219","targetHints":{"allow":["GET"]}}],"collection":[{"href":"https:\/\/diariocontextofelipecarrillopuerto.com\/index.php?rest_route=\/wp\/v2\/posts"}],"about":[{"href":"https:\/\/diariocontextofelipecarrillopuerto.com\/index.php?rest_route=\/wp\/v2\/types\/post"}],"author":[{"embeddable":true,"href":"https:\/\/diariocontextofelipecarrillopuerto.com\/index.php?rest_route=\/wp\/v2\/users\/1"}],"replies":[{"embeddable":true,"href":"https:\/\/diariocontextofelipecarrillopuerto.com\/index.php?rest_route=%2Fwp%2Fv2%2Fcomments&post=38219"}],"version-history":[{"count":1,"href":"https:\/\/diariocontextofelipecarrillopuerto.com\/index.php?rest_route=\/wp\/v2\/posts\/38219\/revisions"}],"predecessor-version":[{"id":38220,"href":"https:\/\/diariocontextofelipecarrillopuerto.com\/index.php?rest_route=\/wp\/v2\/posts\/38219\/revisions\/38220"}],"wp:featuredmedia":[{"embeddable":true,"href":"https:\/\/diariocontextofelipecarrillopuerto.com\/index.php?rest_route=\/wp\/v2\/media\/38221"}],"wp:attachment":[{"href":"https:\/\/diariocontextofelipecarrillopuerto.com\/index.php?rest_route=%2Fwp%2Fv2%2Fmedia&parent=38219"}],"wp:term":[{"taxonomy":"category","embeddable":true,"href":"https:\/\/diariocontextofelipecarrillopuerto.com\/index.php?rest_route=%2Fwp%2Fv2%2Fcategories&post=38219"},{"taxonomy":"post_tag","embeddable":true,"href":"https:\/\/diariocontextofelipecarrillopuerto.com\/index.php?rest_route=%2Fwp%2Fv2%2Ftags&post=38219"}],"curies":[{"name":"wp","href":"https:\/\/api.w.org\/{rel}","templated":true}]}}