{"id":31776,"date":"2025-10-24T13:00:49","date_gmt":"2025-10-24T18:00:49","guid":{"rendered":"https:\/\/diariocontextofelipecarrillopuerto.com\/?p=31776"},"modified":"2025-10-24T15:28:14","modified_gmt":"2025-10-24T15:28:14","slug":"la-fusion-que-nadie-pidio-pero-todos-necesitan","status":"publish","type":"post","link":"https:\/\/diariocontextofelipecarrillopuerto.com\/?p=31776","title":{"rendered":"\u00a1La fusi\u00f3n que nadie pidi\u00f3, pero todos necesitan!"},"content":{"rendered":"<p>\ud83d\udd38 Adi\u00f3s a lo tradicional. Una panader\u00eda de la CDMX revoluciona la ofrenda combinando la cl\u00e1sica concha con el ic\u00f3nico Pan de Muerto<\/p>\n<p>#CDMX | Cuando el olor a cempas\u00fachil inunda las calles, hay algo que ning\u00fan mexicano puede resistir: el Pan de Muerto . Pero este a\u00f1o, la tradici\u00f3n ha sido intervenida por la creatividad panadera, dando como resultado un h\u00edbrido deliciosamente irreverente: la &#8220;Conchamuerta&#8221; .<\/p>\n<p>Este ingenioso invento, que combina la textura esponjosa de la concha con la ic\u00f3nica forma azucarada del Pan de Muerto, lleg\u00f3 a la Ciudad de M\u00e9xico de la mano de Tomasa , una panader\u00eda especializada en conchas rellenas.<\/p>\n<p>Pamela Serrano , due\u00f1a de Tomasa, explic\u00f3 a El Heraldo de M\u00e9xico que la idea era &#8220;darle un toque especial a la temporada y fusionar nuestro producto estrella, que es la concha, con el pan de muerto&#8221;. Se trata de una forma de celebrar la tradici\u00f3n, pero con un sello propio y una dosis extra de diversi\u00f3n.<\/p>\n<p>La &#8216;Conchamuerta&#8217; en todas sus versiones<br \/>\nLejos de la simple concha, esta creaci\u00f3n de temporada ya est\u00e1 disponible en varias versiones para satisfacer a todos los paladares:<\/p>\n<p>Cl\u00e1sicas: Sabor chocolate y vainilla.<\/p>\n<p>La Extrema: Una versi\u00f3n rellena de helado de temporada, disponible en su sucursal hermana &#8220;Filippo&#8221;.<\/p>\n<p>Este tipo de innovaciones no son nuevas para Tomasa, que constantemente adapta sus conchas a las festividades, desde el mes Pride hasta San Valent\u00edn, asegurando que su producto &#8220;se mantiene actual sin que pierda su esencia&#8221;, afirma Serrano.<\/p>\n<p>El Negocio que Muere y Resucita con el Pan<br \/>\nEl furor por la &#8220;Conchamuerta&#8221; no solo alimenta el apetito, sino tambi\u00e9n las ventas.<\/p>\n<p>De acuerdo con la C\u00e1mara Nacional de la Industria Panificadora (Canainpa) , la temporada de D\u00eda de Muertos incrementa las ventas del sector en una media del 40% . Para Tomasa, no es la excepci\u00f3n. Pamela Serrano confirma que la llegada de su pan estrella dispara la derrama econ\u00f3mica.<\/p>\n<p>&#8220;Suben bastante las ventas, es un pan que muchas personas esperan todos los a\u00f1os&#8230; empiezan a buscar paneles de muerto diferentes y la verdad es que s\u00ed nos caen muchas ventas&#8221;, concluy\u00f3 la emprendedora.<\/p>\n<p>Si quieres probar la &#8220;Conchamuerta&#8221; antes de que regrese al Mictl\u00e1n, puedes encontrarla en las sucursales de Tomasa en Condesa y Polanco , o la versi\u00f3n con helado en Filippo , en Jardines del Pedregal.<\/p>\n","protected":false},"excerpt":{"rendered":"<p>\ud83d\udd38 Adi\u00f3s a lo tradicional. Una panader\u00eda de la CDMX revoluciona la ofrenda combinando la cl\u00e1sica concha con el ic\u00f3nico Pan de Muerto #CDMX |<\/p>\n","protected":false},"author":1,"featured_media":31778,"comment_status":"open","ping_status":"closed","sticky":false,"template":"","format":"standard","meta":{"footnotes":""},"categories":[46,9],"tags":[],"class_list":["post-31776","post","type-post","status-publish","format-standard","has-post-thumbnail","hentry","category-cdmx","category-nacional"],"_links":{"self":[{"href":"https:\/\/diariocontextofelipecarrillopuerto.com\/index.php?rest_route=\/wp\/v2\/posts\/31776","targetHints":{"allow":["GET"]}}],"collection":[{"href":"https:\/\/diariocontextofelipecarrillopuerto.com\/index.php?rest_route=\/wp\/v2\/posts"}],"about":[{"href":"https:\/\/diariocontextofelipecarrillopuerto.com\/index.php?rest_route=\/wp\/v2\/types\/post"}],"author":[{"embeddable":true,"href":"https:\/\/diariocontextofelipecarrillopuerto.com\/index.php?rest_route=\/wp\/v2\/users\/1"}],"replies":[{"embeddable":true,"href":"https:\/\/diariocontextofelipecarrillopuerto.com\/index.php?rest_route=%2Fwp%2Fv2%2Fcomments&post=31776"}],"version-history":[{"count":1,"href":"https:\/\/diariocontextofelipecarrillopuerto.com\/index.php?rest_route=\/wp\/v2\/posts\/31776\/revisions"}],"predecessor-version":[{"id":31777,"href":"https:\/\/diariocontextofelipecarrillopuerto.com\/index.php?rest_route=\/wp\/v2\/posts\/31776\/revisions\/31777"}],"wp:featuredmedia":[{"embeddable":true,"href":"https:\/\/diariocontextofelipecarrillopuerto.com\/index.php?rest_route=\/wp\/v2\/media\/31778"}],"wp:attachment":[{"href":"https:\/\/diariocontextofelipecarrillopuerto.com\/index.php?rest_route=%2Fwp%2Fv2%2Fmedia&parent=31776"}],"wp:term":[{"taxonomy":"category","embeddable":true,"href":"https:\/\/diariocontextofelipecarrillopuerto.com\/index.php?rest_route=%2Fwp%2Fv2%2Fcategories&post=31776"},{"taxonomy":"post_tag","embeddable":true,"href":"https:\/\/diariocontextofelipecarrillopuerto.com\/index.php?rest_route=%2Fwp%2Fv2%2Ftags&post=31776"}],"curies":[{"name":"wp","href":"https:\/\/api.w.org\/{rel}","templated":true}]}}