{"id":31749,"date":"2025-10-23T17:00:58","date_gmt":"2025-10-23T22:00:58","guid":{"rendered":"https:\/\/diariocontextofelipecarrillopuerto.com\/?p=31749"},"modified":"2025-10-23T15:38:04","modified_gmt":"2025-10-23T15:38:04","slug":"iron-maiden-anuncia-concierto-en-mexico-como-parte-del-run-for-your-lives-world-tour-2026","status":"publish","type":"post","link":"https:\/\/diariocontextofelipecarrillopuerto.com\/?p=31749","title":{"rendered":"Iron Maiden anuncia concierto en Mexico como\u00a0parte del &#8220;Run For Your Lives World Tour 2026!&#8221;"},"content":{"rendered":"<p>\ud83d\udd38 Se cumplir\u00e1n 34 a\u00f1os desde que la agrupaci\u00f3n visit\u00f3 M\u00e9xico por primera vez<\/p>\n<p>&nbsp;<\/p>\n<p>#ESPECT\u00c1CULOS | La agrupaci\u00f3n Iron Maiden anunci\u00f3 su regreso a M\u00e9xico para 2026, el\u00a0show ser\u00e1 en el Estadio GNP Seguros, en la Ciudad de M\u00e9xico como\u00a0parte del &#8220;Run For Your Lives World Tour 2026!&#8221;.<\/p>\n<p>La cita est\u00e1 programada para el 02 de octubre, as\u00ed lo anunci\u00f3 la\u00a0agrupaci\u00f3n en sus redes sociales.<\/p>\n<p>&#8220;Este pr\u00f3ximo show cumplir\u00e1 34 a\u00f1os desde que Maiden visit\u00f3 M\u00e9xico\u00a0por primera vez en el Fear Of The Dark World Tour, y este espect\u00e1culo\u00a0es la octava vez en este lugar ganador de premios&#8221;.<\/p>\n<p>&nbsp;<\/p>\n<p>En el anuncio se adelant\u00f3 que habr\u00e1n invitados especiales, los cuales\u00a0ser\u00e1n anunciados a su debido tiempo; adem\u00e1s habr\u00e1 la experiencia\u00a0Trooper VIP en M\u00e9xico por primera vez.<\/p>\n<p>&nbsp;<\/p>\n<p>La venta anticipada del club de fans comenzar\u00e1 el lunes 27 de octubre,\u00a0antes de que las entradas salgan a la venta al p\u00fablico el viernes 31<\/p>\n<p>&nbsp;<\/p>\n<p>En el anuncio se adelant\u00f3 que habr\u00e1n invitados especiales, los cuales\u00a0ser\u00e1n anunciados a su debido tiempo; adem\u00e1s habr\u00e1 la experiencia\u00a0Trooper VIP en M\u00e9xico por primera vez.<\/p>\n<p>&nbsp;<\/p>\n<p>La venta anticipada del club de fans comenzar\u00e1 el lunes 27 de octubre,\u00a0antes de que las entradas salgan a la venta al p\u00fablico el viernes 31<\/p>\n<p>&nbsp;<\/p>\n<p>Iron Maiden adelant\u00f3 que todav\u00eda quedan m\u00e1s pa\u00edses por anunciar\u00a0para el &#8220;Run For Your Lives World Tour 2026!&#8221;.<\/p>\n<p>&nbsp;<\/p>\n<p>Considerados pioneros de la nueva ola del heavy metal brit\u00e1nico, los Iron Maiden han vendido m\u00e1s de 100 millones de discos en todo el mundo y realizado m\u00e1s de 2mil 500 conciertos en 64 pa\u00edses de 6 continentes.<\/p>\n<p>&nbsp;<\/p>\n<p>Iron Maiden anuncio que celebrara su 50 aniversario con un &#8220;emotivo&#8221; documental sobre su historia, en el que contar\u00e1n con la presencia del actor espa\u00f1ol Javier Bardem, entre otros.<\/p>\n<p>&nbsp;<\/p>\n<p>La cinta, todav\u00eda sin t\u00edtulo, explorar\u00e1 c\u00f3mo Iron Maiden &#8220;ha ayudado a dar forma a un movimiento cultural, desafiando las visiones \u00a0convencionales de la m\u00fasica rock y el impacto m\u00e1s amplio del heavy<\/p>\n<p>metal en la sociedad y la cultura&#8221;, comento en redes sociales el conjunto londinense.<\/p>\n<p>&nbsp;<\/p>\n<p>&nbsp;<\/p>\n<p>El documental sobre la banda actualmente formada por Steve Harris, Bruce Dickinson, Dave Murray, Adrian Smith, Janick Gers y Simon Dawson estar\u00e1 dirigido por Malcolm Venville y prev\u00e9 su estreno en<\/p>\n<p>oto\u00f1o de 2025, cuando se cumple medio siglo desde su creaci\u00f3n en la capital brit\u00e1nica en 1975.<\/p>\n<p>&nbsp;<\/p>\n<p>Abordar\u00e1 en primera persona la trayectoria de Iron Maiden, con entrevistas exclusivas con los miembros de la banda, incluida una conversaci\u00f3n in\u00e9dita con el vocalista original, Paul Di&#8217;Anno, fallecido el a\u00f1o pasado.<\/p>\n<p>&nbsp;<\/p>\n<p>&nbsp;<\/p>\n<p>Tambi\u00e9n entrevistar\u00e1 a algunos de sus seguidores m\u00e1s fieles, junto a iconos del mundo del cine y la m\u00fasica, como Javier Bardem, Lars Ulrich, de Metallica o Gene Simmons, de Kiss.<\/p>\n<p>&#8220;Confiamos en que entusiasmar\u00e1n no solo a los fan\u00e1ticos de su m\u00fasica, sino a cualquiera que ame una historia de un perdedor que desaf\u00eda las apuestas para convertirse en una de las mayores exportaciones musicales brit\u00e1nicas&#8221;, coment\u00f3 el manager de Iron Maiden, Rod Smallwood, sobre el documental.<\/p>\n<p>&nbsp;<\/p>\n","protected":false},"excerpt":{"rendered":"<p>\ud83d\udd38 Se cumplir\u00e1n 34 a\u00f1os desde que la agrupaci\u00f3n visit\u00f3 M\u00e9xico por primera vez &nbsp; #ESPECT\u00c1CULOS | La agrupaci\u00f3n Iron Maiden anunci\u00f3 su regreso a<\/p>\n","protected":false},"author":1,"featured_media":31751,"comment_status":"open","ping_status":"closed","sticky":false,"template":"","format":"standard","meta":{"footnotes":""},"categories":[6],"tags":[],"class_list":["post-31749","post","type-post","status-publish","format-standard","has-post-thumbnail","hentry","category-espectaculos"],"_links":{"self":[{"href":"https:\/\/diariocontextofelipecarrillopuerto.com\/index.php?rest_route=\/wp\/v2\/posts\/31749","targetHints":{"allow":["GET"]}}],"collection":[{"href":"https:\/\/diariocontextofelipecarrillopuerto.com\/index.php?rest_route=\/wp\/v2\/posts"}],"about":[{"href":"https:\/\/diariocontextofelipecarrillopuerto.com\/index.php?rest_route=\/wp\/v2\/types\/post"}],"author":[{"embeddable":true,"href":"https:\/\/diariocontextofelipecarrillopuerto.com\/index.php?rest_route=\/wp\/v2\/users\/1"}],"replies":[{"embeddable":true,"href":"https:\/\/diariocontextofelipecarrillopuerto.com\/index.php?rest_route=%2Fwp%2Fv2%2Fcomments&post=31749"}],"version-history":[{"count":1,"href":"https:\/\/diariocontextofelipecarrillopuerto.com\/index.php?rest_route=\/wp\/v2\/posts\/31749\/revisions"}],"predecessor-version":[{"id":31750,"href":"https:\/\/diariocontextofelipecarrillopuerto.com\/index.php?rest_route=\/wp\/v2\/posts\/31749\/revisions\/31750"}],"wp:featuredmedia":[{"embeddable":true,"href":"https:\/\/diariocontextofelipecarrillopuerto.com\/index.php?rest_route=\/wp\/v2\/media\/31751"}],"wp:attachment":[{"href":"https:\/\/diariocontextofelipecarrillopuerto.com\/index.php?rest_route=%2Fwp%2Fv2%2Fmedia&parent=31749"}],"wp:term":[{"taxonomy":"category","embeddable":true,"href":"https:\/\/diariocontextofelipecarrillopuerto.com\/index.php?rest_route=%2Fwp%2Fv2%2Fcategories&post=31749"},{"taxonomy":"post_tag","embeddable":true,"href":"https:\/\/diariocontextofelipecarrillopuerto.com\/index.php?rest_route=%2Fwp%2Fv2%2Ftags&post=31749"}],"curies":[{"name":"wp","href":"https:\/\/api.w.org\/{rel}","templated":true}]}}