{"id":28297,"date":"2025-07-06T15:00:47","date_gmt":"2025-07-06T20:00:47","guid":{"rendered":"https:\/\/diariocontextofelipecarrillopuerto.com\/?p=28297"},"modified":"2025-07-06T17:14:39","modified_gmt":"2025-07-06T17:14:39","slug":"maduro-llama-a-una-revolucion-militar-con-tecnologia-de-paises-aliados","status":"publish","type":"post","link":"https:\/\/diariocontextofelipecarrillopuerto.com\/?p=28297","title":{"rendered":"Maduro llama a una &#8220;revoluci\u00f3n militar&#8221; con tecnolog\u00eda de pa\u00edses aliados"},"content":{"rendered":"<p>\ud83d\udd38 El presidente de Venezuela inst\u00f3 a fortalecer la defensa a\u00e9rea y de drones con tecnolog\u00eda propia y el apoyo de aliados como Rusia, China e Ir\u00e1n.<\/p>\n<p>#INTERNACIONAL | El presidente de Venezuela, Nicol\u00e1s Maduro, pidi\u00f3 este s\u00e1bado a la Fuerza Armada fortalecer el sistema de defensa a\u00e9rea y drones con tecnolog\u00eda propia y la ayuda de pa\u00edses &#8220;aliados&#8221;.<\/p>\n<p>La Fuerza Armada Nacional Bolivariana (FANB) jura lealtad a Maduro y tiene relaciones principalmente con Rusia, que les ha provisto aviones Sukhoi y fusiles Kalashnikov. El pa\u00eds suramericano tambi\u00e9n cuenta como aliados a China, Turqu\u00eda o Ir\u00e1n.<\/p>\n<p>&#8220;Tenemos que fortalecer nuestros sistemas de defensa a\u00e9rea y antia\u00e9rea (&#8230;) con tecnolog\u00eda propia y con la ayuda de nuestros grandes aliados y amigos del mundo&#8221;, dijo Maduro durante un desfile militar por el D\u00eda de la Independencia de Venezuela.<\/p>\n<p>El mandatario hizo esta petici\u00f3n al llamar a fortalecer el sistema de armas y &#8220;la capacidad para la guerra moderna&#8221; como parte del proceso de &#8220;revoluci\u00f3n militar del siglo XXI&#8221;.<\/p>\n<p>La FANB se declara &#8220;profundamente chavista&#8221;, en alusi\u00f3n al fallecido presidente Hugo Ch\u00e1vez (1999-2013), y por ello es blanco de cr\u00edticas por parte de la oposici\u00f3n.<\/p>\n<p>La l\u00edder opositora Mar\u00eda Corina Machado volvi\u00f3 a llamar a los militares a &#8220;hacer respetar la soberan\u00eda popular&#8221; expresada el 28 de julio del a\u00f1o pasado en las elecciones presidenciales en las que fue proclamado reelecto Maduro entre denuncias de fraude.<\/p>\n<p>&#8220;La inacci\u00f3n o el apoyo de la Fuerza Armada Nacional a un r\u00e9gimen que se desmorona inevitablemente estimular\u00e1 salidas inciertas&#8221;, dijo en un video en la red social X.<\/p>\n<p>Seg\u00fan Instituto Internacional de Estudios Estrat\u00e9gicos (IISS), hasta 2020 la Fuerza Armada venezolana contaba con 343 mil integrantes. Durante el desfile la FANB exhibi\u00f3 tanquetas, fusiles y otros armamentos.<\/p>\n","protected":false},"excerpt":{"rendered":"<p>\ud83d\udd38 El presidente de Venezuela inst\u00f3 a fortalecer la defensa a\u00e9rea y de drones con tecnolog\u00eda propia y el apoyo de aliados como Rusia, China<\/p>\n","protected":false},"author":1,"featured_media":28299,"comment_status":"open","ping_status":"closed","sticky":false,"template":"","format":"standard","meta":{"footnotes":""},"categories":[8],"tags":[],"class_list":["post-28297","post","type-post","status-publish","format-standard","has-post-thumbnail","hentry","category-internacional"],"_links":{"self":[{"href":"https:\/\/diariocontextofelipecarrillopuerto.com\/index.php?rest_route=\/wp\/v2\/posts\/28297","targetHints":{"allow":["GET"]}}],"collection":[{"href":"https:\/\/diariocontextofelipecarrillopuerto.com\/index.php?rest_route=\/wp\/v2\/posts"}],"about":[{"href":"https:\/\/diariocontextofelipecarrillopuerto.com\/index.php?rest_route=\/wp\/v2\/types\/post"}],"author":[{"embeddable":true,"href":"https:\/\/diariocontextofelipecarrillopuerto.com\/index.php?rest_route=\/wp\/v2\/users\/1"}],"replies":[{"embeddable":true,"href":"https:\/\/diariocontextofelipecarrillopuerto.com\/index.php?rest_route=%2Fwp%2Fv2%2Fcomments&post=28297"}],"version-history":[{"count":1,"href":"https:\/\/diariocontextofelipecarrillopuerto.com\/index.php?rest_route=\/wp\/v2\/posts\/28297\/revisions"}],"predecessor-version":[{"id":28298,"href":"https:\/\/diariocontextofelipecarrillopuerto.com\/index.php?rest_route=\/wp\/v2\/posts\/28297\/revisions\/28298"}],"wp:featuredmedia":[{"embeddable":true,"href":"https:\/\/diariocontextofelipecarrillopuerto.com\/index.php?rest_route=\/wp\/v2\/media\/28299"}],"wp:attachment":[{"href":"https:\/\/diariocontextofelipecarrillopuerto.com\/index.php?rest_route=%2Fwp%2Fv2%2Fmedia&parent=28297"}],"wp:term":[{"taxonomy":"category","embeddable":true,"href":"https:\/\/diariocontextofelipecarrillopuerto.com\/index.php?rest_route=%2Fwp%2Fv2%2Fcategories&post=28297"},{"taxonomy":"post_tag","embeddable":true,"href":"https:\/\/diariocontextofelipecarrillopuerto.com\/index.php?rest_route=%2Fwp%2Fv2%2Ftags&post=28297"}],"curies":[{"name":"wp","href":"https:\/\/api.w.org\/{rel}","templated":true}]}}