{"id":18788,"date":"2023-09-25T17:19:58","date_gmt":"2023-09-25T22:19:58","guid":{"rendered":"https:\/\/diariocontextofelipecarrillopuerto.com\/?p=18788"},"modified":"2023-09-25T22:20:00","modified_gmt":"2023-09-25T22:20:00","slug":"estados-unidos-expulsa-a-mexico-a-181-migrantes-al-dia","status":"publish","type":"post","link":"https:\/\/diariocontextofelipecarrillopuerto.com\/?p=18788","title":{"rendered":"Estados Unidos expulsa a M\u00e9xico a 181 migrantes al d\u00eda"},"content":{"rendered":"<div class=\"jsx-3315747106 \">\n<p>Activista advierte falta de recursos econ\u00f3micos y humanos para refugios de la frontera norte.\u00a0El Instituto Nacional de Migraci\u00f3n\u00a0ha registrado que, entre el 1 de marzo del 2020 y hasta el 7 de agosto de este 2023, autoridades de Estados Unidos han expulsado a 136,338 migrantes a M\u00e9xico.<\/p>\n<\/div>\n<div class=\"jsx-1921398030 newsbody\">\n<div class=\"jsx-670345696 share fixed\">\n<div class=\"jsx-670345696 \"><\/div>\n<\/div>\n<div class=\"jsx-1921398030\">\n<div class=\"jsx-1020194127\">\n<p class=\"jsx-3954459878\">El Instituto Nacional de Migraci\u00f3n (INM) ha registrado que, entre el 1 de marzo del 2020 y hasta el 7 de agosto de este 2023, autoridades de Estados Unidos han expulsado a 136,338 migrantes a M\u00e9xico.<\/p>\n<div id=\"espacio_teads\" class=\"jsx-1020194127 adNewChild fi-aic_250\"><\/div>\n<p class=\"jsx-3954459878\">De acuerdo con los datos del INM, entre el 1 de marzo del 2020 y el 10 de mayo del 2023, cuando estuvo vigente el T\u00edtulo 42, pol\u00edtica que permit\u00eda al vecino del norte expulsar a migrantes de manera r\u00e1pida, bajo el argumento de amenaza a la salud p\u00fablica, debido a la pandemia de Covid-19, fueron expulsados a M\u00e9xico 127,017 migrantes.<\/p>\n<p class=\"jsx-3954459878\">Tras su conclusi\u00f3n (11 de mayo) y hasta el 7 de agosto pasado, fueron expulsados otros 9,321 migrantes.<\/p>\n<p class=\"jsx-3954459878\">Seg\u00fan datos obtenidos a trav\u00e9s de la solicitud de transparencia 330020323001502, los venezolanos son los migrantes m\u00e1s expulsados de los que ha tenido conocimiento el INM, desde 2020, con 41,872 casos.<\/p>\n<p class=\"jsx-3954459878 fi-aic_250\">Le siguen en segundo lugar los hondure\u00f1os (40,747), mientras que en tercer lugar se posicionaron los guatemaltecos (39,105).<\/p>\n<p class=\"jsx-3954459878 fi-aic_250\">Si s\u00f3lo se consideran los datos del 2023, el gobierno estadounidense ha expulsado a 39,640 migrantes, es decir, en promedio 181 casos diarios.<\/p>\n<p class=\"jsx-3954459878\">No obstante, hay una reducci\u00f3n si se dividen los datos con respecto a la aplicaci\u00f3n del T\u00edtulo 42. Entre el 1 de enero y el 10 de mayo pasado, cuando estaba vigente, EU expuls\u00f3 a M\u00e9xico a 30,319 migrantes, un promedio de 233 casos diarios.<\/p>\n<p class=\"jsx-3954459878\">Mientras que entre el 11 de mayo y el 7 de agosto pasado sumaban 9,321 casos, 105 en promedio diarios.<\/p>\n<h2 class=\"jsx-1282840227 fi-aic_250\">Nuevos acuerdos<\/h2>\n<p class=\"jsx-3954459878\">Las cifras de expulsiones de migrantes de EU a M\u00e9xico podr\u00edan aumentar. El pasado fin de semana, la cadena CNN dio a conocer que funcionarios mexicanos se reunieron con miembros de la Oficina de Aduanas y Protecci\u00f3n Fronteriza (CBP, por sus siglas en ingl\u00e9s), en Ciudad Ju\u00e1rez, en el que acordaron medidas para \u201cdespresurizar\u201d la frontera.<\/p>\n<p class=\"jsx-3954459878\">Entre las medidas acordadas estuvieron la deportaci\u00f3n de migrantes a sus pa\u00edses de origen, por aire y tierra; permitir que la CBP expulse a migrantes a trav\u00e9s del puente internacional entre Ciudad Ju\u00e1rez y El Paso; realizar gestiones con los gobiernos de Venezuela, Brasil, Nicaragua, Colombia y Cuba para la recepci\u00f3n de sus ciudadanos deportados; intervenci\u00f3n en ferrocarriles y carreteras, entre otras.<\/p>\n<div id=\"FIOnDemandWrapper_fiInstance_115565_3_4224150767322174\" class=\"FIOnDemandWrapper\">\n<p class=\"jsx-3954459878 fi-aic_250\">El reporte dado a conocer refiri\u00f3 que la reuni\u00f3n se realiz\u00f3 a ra\u00edz del aumento de cruces ilegales hacia Estados Unidos desde M\u00e9xico.<\/p>\n<p class=\"jsx-3954459878\">En el c\u00f3nclave, se destac\u00f3, estuvo el comisionado del INM, Francisco Gardu\u00f1o, la gobernadora de Chihuahua, Maru Campos, adem\u00e1s de miembros de la Secretar\u00eda de la Defensa y la Guardia Nacional, por parte de M\u00e9xico; mientras que Troy Miller, comisionado interno de la CBP, encabez\u00f3 a la comitiva estadounidense.<\/p>\n<h2 class=\"jsx-1282840227\">Crisis humanitaria<\/h2>\n<p class=\"jsx-3954459878\">Alberto Xicot\u00e9ncatl, director de la organizaci\u00f3n Casa Migrante de Saltillo, afirm\u00f3 que la frontera norte del pa\u00eds enfrenta una crisis humanitaria y que los desaf\u00edos que se enfrentan son inmensos y requieren de soluciones urgentes.<\/p>\n<p class=\"jsx-3954459878 fi-aic_250\">En una entrevista, el experto inform\u00f3 que uno de los desaf\u00edos m\u00e1s apremiantes que viven es la falta de recursos y el apoyo adecuado para los migrantes.<\/p>\n<p class=\"jsx-3954459878\">Explic\u00f3 que la mayor\u00eda de los albergues que acogen a los ciudadanos extranjeros dependen de la caridad, pues a diferencia de otras administraciones, con el gobierno de Andr\u00e9s Manuel L\u00f3pez Obrador han sido menos los fondos gubernamentales.<\/p>\n<p class=\"jsx-3954459878\">\u201cHasta antes de la administraci\u00f3n del presidente L\u00f3pez Obrador hab\u00eda un rubro de presupuestal para las fronteras (&#8230;) sobre todo para la deportaci\u00f3n de personas mexicanas. Sin embargo, estos recursos se utilizaban o los gobiernos los entregaban a los albergues fronterizos (\u2026) este tipo de apoyos se cancelaron completamente; los municipios y las entidades dijeron que no ten\u00edan ya presupuesto ni para ellos mismos atender a la poblaci\u00f3n ni tampoco para proporcionar apoyo a los albergues\u201d, expuso.<\/p>\n<p class=\"jsx-3954459878 fi-aic_250\">Debido a esto Xicot\u00e9ncatl comparti\u00f3 que en los albergues se trabaja con una sobrecarga de espacios y que falta de personal para brindar la atenci\u00f3n adecuada.<\/p>\n<h2 class=\"jsx-1282840227 fi-aic_250\">Necesaria, estrategia regional<\/h2>\n<p class=\"jsx-3954459878\">El activista hizo hincapi\u00e9 en la necesidad de una estrategia regional y cooperaci\u00f3n integral entre los pa\u00edses de origen, tr\u00e1nsito y destino de los migrantes.<\/p>\n<p class=\"jsx-3954459878\">Dijo que la migraci\u00f3n irregular es una consecuencia de problemas estructurales m\u00e1s profundos en las sociedades y econom\u00edas, y no puede resolverse con soluciones aisladas.<\/p>\n<p class=\"jsx-3954459878\">E insisti\u00f3 en que cualquier acci\u00f3n conjunta debe respetar rigurosamente los derechos humanos de las personas migrantes.<\/p>\n<\/div>\n<\/div>\n<\/div>\n<\/div>\n","protected":false},"excerpt":{"rendered":"<p>Activista advierte falta de recursos econ\u00f3micos y humanos para refugios de la frontera norte.\u00a0El Instituto Nacional de Migraci\u00f3n\u00a0ha registrado que, entre el 1 de marzo<\/p>\n","protected":false},"author":1,"featured_media":18790,"comment_status":"open","ping_status":"closed","sticky":false,"template":"","format":"standard","meta":{"footnotes":""},"categories":[6],"tags":[],"class_list":["post-18788","post","type-post","status-publish","format-standard","has-post-thumbnail","hentry","category-espectaculos"],"_links":{"self":[{"href":"https:\/\/diariocontextofelipecarrillopuerto.com\/index.php?rest_route=\/wp\/v2\/posts\/18788","targetHints":{"allow":["GET"]}}],"collection":[{"href":"https:\/\/diariocontextofelipecarrillopuerto.com\/index.php?rest_route=\/wp\/v2\/posts"}],"about":[{"href":"https:\/\/diariocontextofelipecarrillopuerto.com\/index.php?rest_route=\/wp\/v2\/types\/post"}],"author":[{"embeddable":true,"href":"https:\/\/diariocontextofelipecarrillopuerto.com\/index.php?rest_route=\/wp\/v2\/users\/1"}],"replies":[{"embeddable":true,"href":"https:\/\/diariocontextofelipecarrillopuerto.com\/index.php?rest_route=%2Fwp%2Fv2%2Fcomments&post=18788"}],"version-history":[{"count":1,"href":"https:\/\/diariocontextofelipecarrillopuerto.com\/index.php?rest_route=\/wp\/v2\/posts\/18788\/revisions"}],"predecessor-version":[{"id":18789,"href":"https:\/\/diariocontextofelipecarrillopuerto.com\/index.php?rest_route=\/wp\/v2\/posts\/18788\/revisions\/18789"}],"wp:featuredmedia":[{"embeddable":true,"href":"https:\/\/diariocontextofelipecarrillopuerto.com\/index.php?rest_route=\/wp\/v2\/media\/18790"}],"wp:attachment":[{"href":"https:\/\/diariocontextofelipecarrillopuerto.com\/index.php?rest_route=%2Fwp%2Fv2%2Fmedia&parent=18788"}],"wp:term":[{"taxonomy":"category","embeddable":true,"href":"https:\/\/diariocontextofelipecarrillopuerto.com\/index.php?rest_route=%2Fwp%2Fv2%2Fcategories&post=18788"},{"taxonomy":"post_tag","embeddable":true,"href":"https:\/\/diariocontextofelipecarrillopuerto.com\/index.php?rest_route=%2Fwp%2Fv2%2Ftags&post=18788"}],"curies":[{"name":"wp","href":"https:\/\/api.w.org\/{rel}","templated":true}]}}