{"id":10796,"date":"2022-10-20T16:17:30","date_gmt":"2022-10-20T21:17:30","guid":{"rendered":"https:\/\/diariocontextofelipecarrillopuerto.com\/?p=10796"},"modified":"2022-10-20T21:17:33","modified_gmt":"2022-10-20T21:17:33","slug":"sostienen-claudia-sheinbaum-y-miembros-del-sector-financiero-nacional-dialogo-en-favor-del-desarrollo-economico-y-social","status":"publish","type":"post","link":"https:\/\/diariocontextofelipecarrillopuerto.com\/?p=10796","title":{"rendered":"Sostienen Claudia Sheinbaum y miembros del sector financiero nacional, di\u00e1logo en favor del Desarrollo Econ\u00f3mico y Social"},"content":{"rendered":"<ul class=\"jsx-1985951014\">\n<li class=\"jsx-1985951014\">La Jefa de Gobierno de la capital hizo \u00e9nfasis en la urgencia de incrementar el apoyo bancario a las MIPyMes, as\u00ed como revisar la regulaci\u00f3n a los seguros.<\/li>\n<li class=\"jsx-1985951014 fi-aic_250\">En el encuentro se destac\u00f3 la Reforma a las Pensiones del actual presidente L\u00f3pez Obrador, la cual cuenta con reconocimiento internacional.<\/li>\n<\/ul>\n<p class=\"jsx-3954459878\">\u00a0En el marco de las mesas de trabajo que realiza la jefa de Gobierno de la Ciudad de M\u00e9xico, Claudia Sheinbaum, este mi\u00e9rcoles se llev\u00f3 a cabo una reuni\u00f3n con diputados federales, banqueros e integrantes del sector financiero nacional, donde se plantearon diversas estrategias en beneficio del desarrollo econ\u00f3mico y social, as\u00ed como una serie de iniciativas para fortalecer las pol\u00edticas p\u00fablicas e impulsar, en conjunto, el bienestar de los capitalinos.<\/p>\n<p class=\"jsx-3954459878 fi-aic_250\">Entre los principales temas que se presentaron en la reuni\u00f3n se destaca el impulso a los fondos de inversi\u00f3n de impacto, con objeto de generar m\u00e1s empresas mexicanas exitosas y atraer una mayor inversi\u00f3n extranjera. En este contexto, la Jefa de Gobierno de la Ciudad de M\u00e9xico, Claudia Sheinbaum, resalt\u00f3 el importante papel de las AFORES a ra\u00edz de la iniciativa de Reforma a las Pensiones del 2020; iniciativa del presidente Andr\u00e9s Manuel L\u00f3pez Obrador que actualmente cuenta con reconocimiento internacional y que permite que un 90% de los trabajadores tenga acceso a una jubilaci\u00f3n.<\/p>\n<p class=\"jsx-3954459878 fi-aic_250\">Asimismo, la Jefa de Gobierno de la capital hizo \u00e9nfasis en la urgencia de incrementar el apoyo bancario a las MIPyMes, as\u00ed como revisar la regulaci\u00f3n a los seguros, pues su actual estado de capitalizaci\u00f3n se traduce en precios m\u00e1s altos a las primas; todo ello en detrimento del desarrollo de este importante sector de la econom\u00eda mexicana.<\/p>\n<div id=\"FIOnDemandWrapper_fiInstance_115565_2_2953348662397370\" class=\"FIOnDemandWrapper\">\n<p class=\"jsx-3954459878\">El encuentro, encabezado por la Diputada Federal Patricia Armend\u00e1riz, cont\u00f3 con la presencia de los diputados Miguel Torruco y Antonio Garay; el presidente de Invex, Juan Guichard Michel; Manuel Romo, director general de CITIBANAMEX; Marcos Mart\u00ednez Gavica, presidente del Consejo de Administraci\u00f3n BMV; Bernardo Gonz\u00e1lez Rosas, presidente de AMAFORE; as\u00ed como los ejecutivos de AMSOFIPO, ASOFOM, Amexcap, Asociaci\u00f3n de Fintechs, entre otros.<\/p>\n<div class=\"jsx-317244180 jsx-1524344588 jsx-238915999 jsx-2334624270 jsx-771075758 jsx-2932945249 banner\">\n<div class=\"jsx-317244180 jsx-1524344588 jsx-238915999 jsx-2334624270 jsx-771075758 jsx-2932945249\"><\/div>\n<\/div>\n<\/div>\n","protected":false},"excerpt":{"rendered":"<p>La Jefa de Gobierno de la capital hizo \u00e9nfasis en la urgencia de incrementar el apoyo bancario a las MIPyMes, as\u00ed como revisar la regulaci\u00f3n<\/p>\n","protected":false},"author":1,"featured_media":10798,"comment_status":"open","ping_status":"closed","sticky":false,"template":"","format":"standard","meta":{"footnotes":""},"categories":[9,11],"tags":[],"class_list":["post-10796","post","type-post","status-publish","format-standard","has-post-thumbnail","hentry","category-nacional","category-politica"],"_links":{"self":[{"href":"https:\/\/diariocontextofelipecarrillopuerto.com\/index.php?rest_route=\/wp\/v2\/posts\/10796","targetHints":{"allow":["GET"]}}],"collection":[{"href":"https:\/\/diariocontextofelipecarrillopuerto.com\/index.php?rest_route=\/wp\/v2\/posts"}],"about":[{"href":"https:\/\/diariocontextofelipecarrillopuerto.com\/index.php?rest_route=\/wp\/v2\/types\/post"}],"author":[{"embeddable":true,"href":"https:\/\/diariocontextofelipecarrillopuerto.com\/index.php?rest_route=\/wp\/v2\/users\/1"}],"replies":[{"embeddable":true,"href":"https:\/\/diariocontextofelipecarrillopuerto.com\/index.php?rest_route=%2Fwp%2Fv2%2Fcomments&post=10796"}],"version-history":[{"count":0,"href":"https:\/\/diariocontextofelipecarrillopuerto.com\/index.php?rest_route=\/wp\/v2\/posts\/10796\/revisions"}],"wp:featuredmedia":[{"embeddable":true,"href":"https:\/\/diariocontextofelipecarrillopuerto.com\/index.php?rest_route=\/wp\/v2\/media\/10798"}],"wp:attachment":[{"href":"https:\/\/diariocontextofelipecarrillopuerto.com\/index.php?rest_route=%2Fwp%2Fv2%2Fmedia&parent=10796"}],"wp:term":[{"taxonomy":"category","embeddable":true,"href":"https:\/\/diariocontextofelipecarrillopuerto.com\/index.php?rest_route=%2Fwp%2Fv2%2Fcategories&post=10796"},{"taxonomy":"post_tag","embeddable":true,"href":"https:\/\/diariocontextofelipecarrillopuerto.com\/index.php?rest_route=%2Fwp%2Fv2%2Ftags&post=10796"}],"curies":[{"name":"wp","href":"https:\/\/api.w.org\/{rel}","templated":true}]}}