{"id":10618,"date":"2022-10-07T16:40:32","date_gmt":"2022-10-07T21:40:32","guid":{"rendered":"https:\/\/diariocontextofelipecarrillopuerto.com\/?p=10618"},"modified":"2022-10-07T21:40:34","modified_gmt":"2022-10-07T21:40:34","slug":"ine-no-aplicara-medidas-cautelares-en-contra-de-claudia-sheinbaum-por-presuntos-actos-anticipados-de-precampana-y-campana","status":"publish","type":"post","link":"https:\/\/diariocontextofelipecarrillopuerto.com\/?p=10618","title":{"rendered":"INE no aplicar\u00e1 medidas cautelares en contra de Claudia Sheinbaum por presuntos actos anticipados de precampa\u00f1a y campa\u00f1a"},"content":{"rendered":"<p><strong>La Comisi\u00f3n de Quejas y Denuncias del<\/strong>\u00a0Instituto Nacional Electoral (<strong>INE<\/strong>)\u00a0<strong>neg\u00f3 este viernes<\/strong>\u00a0al PRD\u00a0<strong>aplicar medidas cautelares en contra de la jefa de Gobierno de la Ciudad de M\u00e9xico<\/strong>, Claudia Sheinbaum Pardo, por supuestos actos anticipados de precampa\u00f1a y campa\u00f1a por la candidatura presidencial del 2024.<\/p>\n<p>En sesi\u00f3n extraordinaria y por unanimidad de votos\u00a0<strong>los consejeros electorales<\/strong>: Claudia Beatriz Zavala P\u00e9rez, Ciro Murayama Rend\u00f3n y Adriana Favela Herrera,\u00a0<strong>determinaron que la queja interpuesta por los perredistas<\/strong>, sobre presuntas faltas al principio de imparcialidad y equidad en la pr\u00f3xima contienda electoral del 2024<strong>\u00a0no era procedente.<\/strong><\/p>\n<p>En su queja,<strong>\u00a0<\/strong><strong>los perredistas denunciaron que Claudia Sheinbaum<\/strong>,\u00a0<strong>difundi\u00f3 a trav\u00e9s<\/strong>\u00a0de algunos servicios de comunicaci\u00f3n,\u00a0<strong>redes sociales y en internet informaci\u00f3n que podr\u00eda ser considerada como propaganda pol\u00edtico electoral<\/strong>, lo cual vulnerar\u00eda el principio de imparcialidad.<\/p>\n<p>ras realizar una revisi\u00f3n de la queja,<strong>\u00a0la comisi\u00f3n elabor\u00f3 el proyecto de resoluci\u00f3n en el cual determin\u00f3\u00a0<\/strong>que en ninguno de los mensajes difundidos por la jefa de Gobierno, se ostenta como candidata, por lo tanto\u00a0<strong>no se deber\u00edan aplicar las medidas cautelares.<\/strong><\/p>\n<p>Asimismo, la Comisi\u00f3n de Quejas y Denuncias del\u00a0<strong>INE tambi\u00e9n resolvi\u00f3 otra queja interpuesta por el PRD<\/strong>\u00a0quien quer\u00eda que se aplicaran medidas cautelares\u00a0<strong>en contra diversos funcionarios p\u00fablicos del Estado de Guerrero<\/strong>, quienes presuntamente difundieron,\u00a0<strong>con recursos p\u00fablicos, la visita de la jefa de Gobierno, Claudia Sheinbaum, en esa entidad el mes pasado.<\/strong><\/p>\n","protected":false},"excerpt":{"rendered":"<p>La Comisi\u00f3n de Quejas y Denuncias del\u00a0Instituto Nacional Electoral (INE)\u00a0neg\u00f3 este viernes\u00a0al PRD\u00a0aplicar medidas cautelares en contra de la jefa de Gobierno de la Ciudad<\/p>\n","protected":false},"author":1,"featured_media":10620,"comment_status":"open","ping_status":"closed","sticky":false,"template":"","format":"standard","meta":{"footnotes":""},"categories":[9,3],"tags":[],"class_list":["post-10618","post","type-post","status-publish","format-standard","has-post-thumbnail","hentry","category-nacional","category-policia"],"_links":{"self":[{"href":"https:\/\/diariocontextofelipecarrillopuerto.com\/index.php?rest_route=\/wp\/v2\/posts\/10618","targetHints":{"allow":["GET"]}}],"collection":[{"href":"https:\/\/diariocontextofelipecarrillopuerto.com\/index.php?rest_route=\/wp\/v2\/posts"}],"about":[{"href":"https:\/\/diariocontextofelipecarrillopuerto.com\/index.php?rest_route=\/wp\/v2\/types\/post"}],"author":[{"embeddable":true,"href":"https:\/\/diariocontextofelipecarrillopuerto.com\/index.php?rest_route=\/wp\/v2\/users\/1"}],"replies":[{"embeddable":true,"href":"https:\/\/diariocontextofelipecarrillopuerto.com\/index.php?rest_route=%2Fwp%2Fv2%2Fcomments&post=10618"}],"version-history":[{"count":0,"href":"https:\/\/diariocontextofelipecarrillopuerto.com\/index.php?rest_route=\/wp\/v2\/posts\/10618\/revisions"}],"wp:featuredmedia":[{"embeddable":true,"href":"https:\/\/diariocontextofelipecarrillopuerto.com\/index.php?rest_route=\/wp\/v2\/media\/10620"}],"wp:attachment":[{"href":"https:\/\/diariocontextofelipecarrillopuerto.com\/index.php?rest_route=%2Fwp%2Fv2%2Fmedia&parent=10618"}],"wp:term":[{"taxonomy":"category","embeddable":true,"href":"https:\/\/diariocontextofelipecarrillopuerto.com\/index.php?rest_route=%2Fwp%2Fv2%2Fcategories&post=10618"},{"taxonomy":"post_tag","embeddable":true,"href":"https:\/\/diariocontextofelipecarrillopuerto.com\/index.php?rest_route=%2Fwp%2Fv2%2Ftags&post=10618"}],"curies":[{"name":"wp","href":"https:\/\/api.w.org\/{rel}","templated":true}]}}