{"id":10591,"date":"2022-10-05T20:46:47","date_gmt":"2022-10-06T01:46:47","guid":{"rendered":"https:\/\/diariocontextofelipecarrillopuerto.com\/?p=10591"},"modified":"2022-10-06T01:46:49","modified_gmt":"2022-10-06T01:46:49","slug":"claudia-sheinbaum-celebra-decision-del-senado-para-la-construccion-de-la-paz","status":"publish","type":"post","link":"https:\/\/diariocontextofelipecarrillopuerto.com\/?p=10591","title":{"rendered":"Claudia Sheinbaum celebra decisi\u00f3n del Senado para la &#8220;construcci\u00f3n de la paz&#8221;"},"content":{"rendered":"<header class=\"main-article--header\">\n<h4 class=\"bajada\" style=\"text-align: center;\">Claudia Sheinbaum afirm\u00f3 que la decisi\u00f3n del Senado fortalecer\u00e1 a la Guardia Nacional y mantendr\u00e1 el trabajo de paz<\/h4>\n<\/header>\n<div class=\"main-article--autor\">\n<p>El\u00a0<strong>Senado de la Rep\u00fablica<\/strong>\u00a0tom\u00f3 una decisi\u00f3n ayer sobre la\u00a0<strong>presencia del Ej\u00e9rcito en las calles<\/strong>, y con 80 votos a favor y 40 en contra aprob\u00f3 que mantenga sus trabajos en seguridad ciudadana hasta 2028,\u00a0<strong>noticia que fue celebrada<\/strong>\u00a0por la jefa de Gobierno de la Ciudad de M\u00e9xico,\u00a0<strong>Claudia Sheinbaum<\/strong>.<\/p>\n<p>A trav\u00e9s de su cuenta oficial de Twitter, la mandataria comparti\u00f3 un\u00a0<strong>mensaje sobre su postura<\/strong>\u00a0en este tema: &#8220;<strong>Gan\u00f3 la sensatez y el acuerdo con el Senado<\/strong>\u00a0de la Rep\u00fablica. Celebro la votaci\u00f3n que ampl\u00eda la permanencia de las Fuerzas Armadas en labores de seguridad para la\u00a0<strong>construcci\u00f3n de la paz<\/strong>\u00a0y el\u00a0<strong>fortalecimiento de la Guardia Nacional<\/strong>&#8220;.<\/p>\n<p>Cabe recordar que\u00a0<strong>no es la primera ocasi\u00f3n<\/strong>\u00a0en que la titular del Ejecutivo local muestra su\u00a0<strong>aprobaci\u00f3n a la iniciativa<\/strong>\u00a0presentada por el presidente\u00a0<strong>Andr\u00e9s Manuel L\u00f3pez Obrador<\/strong>, quien hace unas semanas hizo un &#8220;respetuoso llamado&#8221; al Senado para votar &#8220;en favor de la seguridad&#8221; en el pa\u00eds, se\u00f1alando la importancia de\u00a0<strong>mantener a las fuerzas de seguridad<\/strong>\u00a0en las calles y destacando la labor que han realizado para los mexicanos.<\/p>\n<div class=\"content-banner\">\n<h2>Fuerzas militares en la seguridad ciudadana<\/h2>\n<p>Con lo aprobado en el Senado, los\u00a0<strong>elementos del Ej\u00e9rcito se mantendr\u00e1n atendiendo tareas de seguridad ciudadana<\/strong>, con el objetivo de evitar ataques, principalmente provenientes del crimen organizado y cualquier otra emergencia. Por ello, este mi\u00e9rcoles\u00a0<strong>Claudia Sheinbaum, reiter\u00f3 su postura<\/strong>\u00a0ante lo acontecido en el Senado en conferencia de prensa.<\/p>\n<blockquote><p>&#8220;Me parece\u00a0<strong>muy importante que se haya aprobado<\/strong>\u00a0la\u00a0<strong>extensi\u00f3n<\/strong>\u00a0de la presencia de las\u00a0<strong>Fuerzas Armadas<\/strong>\u00a0en labores de\u00a0<strong>seguridad<\/strong>. Imag\u00ednense ustedes lo que hubiera pasado en muchas entidades del pa\u00eds, donde hoy de la presencia del Ej\u00e9rcito para poder tener seguridad&#8221;, afirm\u00f3 la mandataria.<\/p><\/blockquote>\n<p>Asimismo, se\u00f1al\u00f3 la importancia de la decisi\u00f3n para\u00a0<strong>fortalecer las labores en materia de seguridad de la Guardia Nacional<\/strong>\u00a0en las calles de todo el pa\u00eds y sobre todo de la ciudad. Al final la mandataria evit\u00f3 entrar en pol\u00e9micas por la controversia que ha causado la iniciativa aprobada ante los partidos opositores y destac\u00f3 que lo \u00fanico que se va a buscar es &#8220;la unidad por encima de todo&#8221;.<\/p>\n<\/div>\n<\/div>\n","protected":false},"excerpt":{"rendered":"<p>Claudia Sheinbaum afirm\u00f3 que la decisi\u00f3n del Senado fortalecer\u00e1 a la Guardia Nacional y mantendr\u00e1 el trabajo de paz El\u00a0Senado de la Rep\u00fablica\u00a0tom\u00f3 una decisi\u00f3n<\/p>\n","protected":false},"author":1,"featured_media":10593,"comment_status":"open","ping_status":"closed","sticky":false,"template":"","format":"standard","meta":{"footnotes":""},"categories":[9,11],"tags":[],"class_list":["post-10591","post","type-post","status-publish","format-standard","has-post-thumbnail","hentry","category-nacional","category-politica"],"_links":{"self":[{"href":"https:\/\/diariocontextofelipecarrillopuerto.com\/index.php?rest_route=\/wp\/v2\/posts\/10591","targetHints":{"allow":["GET"]}}],"collection":[{"href":"https:\/\/diariocontextofelipecarrillopuerto.com\/index.php?rest_route=\/wp\/v2\/posts"}],"about":[{"href":"https:\/\/diariocontextofelipecarrillopuerto.com\/index.php?rest_route=\/wp\/v2\/types\/post"}],"author":[{"embeddable":true,"href":"https:\/\/diariocontextofelipecarrillopuerto.com\/index.php?rest_route=\/wp\/v2\/users\/1"}],"replies":[{"embeddable":true,"href":"https:\/\/diariocontextofelipecarrillopuerto.com\/index.php?rest_route=%2Fwp%2Fv2%2Fcomments&post=10591"}],"version-history":[{"count":0,"href":"https:\/\/diariocontextofelipecarrillopuerto.com\/index.php?rest_route=\/wp\/v2\/posts\/10591\/revisions"}],"wp:featuredmedia":[{"embeddable":true,"href":"https:\/\/diariocontextofelipecarrillopuerto.com\/index.php?rest_route=\/wp\/v2\/media\/10593"}],"wp:attachment":[{"href":"https:\/\/diariocontextofelipecarrillopuerto.com\/index.php?rest_route=%2Fwp%2Fv2%2Fmedia&parent=10591"}],"wp:term":[{"taxonomy":"category","embeddable":true,"href":"https:\/\/diariocontextofelipecarrillopuerto.com\/index.php?rest_route=%2Fwp%2Fv2%2Fcategories&post=10591"},{"taxonomy":"post_tag","embeddable":true,"href":"https:\/\/diariocontextofelipecarrillopuerto.com\/index.php?rest_route=%2Fwp%2Fv2%2Ftags&post=10591"}],"curies":[{"name":"wp","href":"https:\/\/api.w.org\/{rel}","templated":true}]}}